{"id":132877,"date":"2026-01-12T06:46:08","date_gmt":"2026-01-12T06:46:08","guid":{"rendered":"https:\/\/www.europesays.com\/se\/132877\/"},"modified":"2026-01-12T06:46:08","modified_gmt":"2026-01-12T06:46:08","slug":"erfaren-byggledare-ny-vd-for-peab-byggsystem","status":"publish","type":"post","link":"https:\/\/www.europesays.com\/se\/132877\/","title":{"rendered":"Erfaren byggledare ny vd f\u00f6r Peab Byggsystem"},"content":{"rendered":"<p>&#13;<br \/>\n                        &#13;<br \/>\n&#13;<\/p>\n<p>                                    <img decoding=\"async\" src=\"https:\/\/www.europesays.com\/se\/wp-content\/uploads\/2026\/01\/b36506d8e06b4947_800x800ar.jpg\"\/><br \/>\n                                &#13;<br \/>\n&#13;<\/p>\n<p><strong>Peter Lindstedt \u00e4r ny vd f\u00f6r Peab Byggsystem. Det inneb\u00e4r att han tar p\u00e5 sig ledarskapet f\u00f6r en f\u00f6retagsgrupp inom Peab som omfattar Byggelement, Smidmek och Lambertssonbolagen med totalt omkring 1<\/strong><strong>\u00a0<\/strong><strong>400 medarbetare.<\/strong><\/p>\n<p><strong>Peter Lindstedt har g\u00e5tt den l\u00e5nga v\u00e4gen fr\u00e5n snickarl\u00e4rling till flera ledande positioner med stort personalansvar. Han har verkat inom Peabkoncernen i 35 \u00e5r och kommer senast fr\u00e5n uppdraget som regionchef f\u00f6r Bygg Bostad Syd.<\/strong><\/p>\n<p><strong>\u2013 En av mina styrkor \u00e4r att jag kommer in och kan ge kundens perspektiv, s\u00e4ger han. Jag \u00e4r ocks\u00e5 m\u00e5n om att bygga starka lag med tydliga m\u00e5l. Det finns inget som \u00e4r viktigare \u00e4n m\u00e4nniskorna i verksamheten.<\/strong><\/p>\n<p>&#13;<\/p>\n<p style=\" margin-bottom:8pt;margin-top:12px;\">Peab Byggsystem \u00e4r en del av Peabkoncernen och samlar n\u00e5gra av Sveriges ledande bolag inom stoml\u00f6sningar och uthyrning. I Peab Byggsystem ing\u00e5r Byggelement, som tillverkar prefabricerade betongelement, stomentrepren\u00f6ren Smidmek, Lambertsson Sverige med uthyrning och tj\u00e4nster f\u00f6r bygg och industri \u00f6ver hela landet, samt Lambertsson Kran med verksamhet i Sverige, Norge och Finland.<\/p>\n<p style=\" margin-bottom:8pt; margin-top:0pt;\">\u2013 En stor konkurrensf\u00f6rdel \u00e4r att vi styr \u00f6ver hela leveranskedjan sj\u00e4lva, s\u00e4ger Peter Lindstedt. Samtidigt \u00e4r de h\u00e4r bolagen ledande inom h\u00e5llbarhet och visar genom sin framskjutna position att det finns mycket att vinna p\u00e5 prefabricerade element j\u00e4mf\u00f6rt med gjutning p\u00e5 plats.<\/p>\n<p style=\" margin-bottom:8pt; margin-top:0pt;\">De f\u00f6rdelar han framh\u00e5ller g\u00e4ller b\u00e5de arbetsmilj\u00f6n och tidsaspekten.<\/p>\n<p style=\" margin-bottom:8pt; margin-top:0pt;\">\u2013 Utf\u00f6randet blir b\u00e4ttre och byggtiderna kan kortas. En del i mitt uppdrag \u00e4r ocks\u00e5 att ytterligare utveckla samarbetet mellan bolagen och hitta synergier f\u00f6r att optimera v\u00e5ra leveranser till kunderna.<\/p>\n<p style=\" margin-bottom:8pt; margin-top:0pt;\">Han understryker vikten av att komma in tidigt i projekten \u2013 en kraft och kompetens som finns inom Peab Byggsystem. Genom rentalverksamheten finns ocks\u00e5 m\u00f6jligheter att skapa f\u00f6ruts\u00e4ttningar f\u00f6r rationella och effektiva byggarbetsplatser.<\/p>\n<p style=\" margin-bottom:8pt; margin-top:0pt;\">\u2013 Projekten m\u00e5ste ritas r\u00e4tt fr\u00e5n b\u00f6rjan. Vi beh\u00f6ver komma in p\u00e5 konstruktionsniv\u00e5 \u2013 det \u00e4r d\u00e5 en stomme verkligen kan optimeras. Vi b\u00f6r \u00e4ven vara \u00f6ppna och skaffa en djupare kunskap om alla material, som tr\u00e4 parallellt med betong.<\/p>\n<p style=\" margin-bottom:8pt; margin-top:0pt;\">Peter Lindstedt b\u00f6rjade sin nya tj\u00e4nst den 1 januari och t\u00e4nker starta med att \u00e5ka runt till dep\u00e5er och fabriker f\u00f6r att tr\u00e4ffa s\u00e5 m\u00e5nga medarbetare som m\u00f6jligt.<\/p>\n<p style=\" margin-bottom:8pt; margin-top:0pt;\">\u2013 Personalen \u00e4r alltid nummer ett f\u00f6r mig. Jag vill skapa delaktighet och arbetar f\u00f6r att alla ska k\u00e4nna stolthet och engagemang \u2013 d\u00e5 kan man utr\u00e4tta stord\u00e5d tillsammans. Utmaningen f\u00f6r mig blir nog att l\u00e4gga en realistisk plan f\u00f6r hur m\u00e5nga jag hinner tr\u00e4ffa s\u00e5 h\u00e4r i b\u00f6rjan av uppdraget, s\u00e4ger han med viss insikt om de effektivitetskrav han st\u00e4ller p\u00e5 sig sj\u00e4lv.<\/p>\n<p style=\" margin-bottom:8pt; margin-top:0pt;\">En fr\u00e5ga som ligger honom extra varmt om hj\u00e4rtat g\u00e4ller s\u00e4kerheten p\u00e5 landets byggarbetsplatser. Han r\u00e5kade sj\u00e4lv ut f\u00f6r en allvarlig olycka f\u00f6r 20 \u00e5r sedan d\u00e5 han br\u00f6t ryggen och sedan dess \u00e4r rullstolsburen, n\u00e5got han ber\u00e4ttat \u00f6ppet om i flera sammanhang.<\/p>\n<p style=\" margin-bottom:8pt; margin-top:0pt;\">\u2013 Vi f\u00e5r aldrig tulla p\u00e5 s\u00e4kerheten, och h\u00e4r har var och en ett ansvar att f\u00f6lja rutiner och riktlinjer. Att s\u00e4kerheten fungerar \u00e4r en grundl\u00e4ggande hygienfr\u00e5ga som jag aldrig kommer att sl\u00e4ppa.<\/p>\n<p>&#13;<br \/>\n&#13;<br \/>\n&#13;<br \/>\n&#13;<\/p>\n<p>Peab<strong> <\/strong>\u00e4r Nordens samh\u00e4llsbyggare med 13 000 medarbetare och en oms\u00e4ttning p\u00e5 58 miljarder kronor. Med lokal n\u00e4rvaro och fokus p\u00e5 egna resurser utvecklar, anl\u00e4gger och bygger vi vardagen d\u00e4r livet levs. Huvudkontoret finns i F\u00f6rsl\u00f6v p\u00e5 Bj\u00e4rehalv\u00f6n i Sk\u00e5ne. Aktien \u00e4r noterad vid Nasdaq Stockholm.<\/p>\n<p><strong>Taggar:<\/strong><\/p>\n<p>&#13;<br \/>\n&#13;<br \/>\n&#13;<\/p>\n","protected":false},"excerpt":{"rendered":"&#13; &#13; &#13; &#13; &#13; Peter Lindstedt \u00e4r ny vd f\u00f6r Peab Byggsystem. Det inneb\u00e4r att han tar&hellip;\n","protected":false},"author":2,"featured_media":132878,"comment_status":"","ping_status":"","sticky":false,"template":"","format":"standard","meta":{"footnotes":""},"categories":[65],"tags":[72,11630,13526,70,71,13527,13529,3012,34,13528,31,33,32,30],"class_list":{"0":"post-132877","1":"post","2":"type-post","3":"status-publish","4":"format-standard","5":"has-post-thumbnail","7":"category-ekonomi","8":"tag-business","9":"tag-byggelement","10":"tag-byggsystem","11":"tag-economy","12":"tag-ekonomi","13":"tag-lambertsson","14":"tag-lambertsson-kran","15":"tag-peab","16":"tag-se","17":"tag-smidmek","18":"tag-svenska","19":"tag-sverige","20":"tag-sweden","21":"tag-swedish"},"share_on_mastodon":{"url":"https:\/\/pubeurope.com\/@se\/115880786798346130","error":""},"_links":{"self":[{"href":"https:\/\/www.europesays.com\/se\/wp-json\/wp\/v2\/posts\/132877","targetHints":{"allow":["GET"]}}],"collection":[{"href":"https:\/\/www.europesays.com\/se\/wp-json\/wp\/v2\/posts"}],"about":[{"href":"https:\/\/www.europesays.com\/se\/wp-json\/wp\/v2\/types\/post"}],"author":[{"embeddable":true,"href":"https:\/\/www.europesays.com\/se\/wp-json\/wp\/v2\/users\/2"}],"replies":[{"embeddable":true,"href":"https:\/\/www.europesays.com\/se\/wp-json\/wp\/v2\/comments?post=132877"}],"version-history":[{"count":0,"href":"https:\/\/www.europesays.com\/se\/wp-json\/wp\/v2\/posts\/132877\/revisions"}],"wp:featuredmedia":[{"embeddable":true,"href":"https:\/\/www.europesays.com\/se\/wp-json\/wp\/v2\/media\/132878"}],"wp:attachment":[{"href":"https:\/\/www.europesays.com\/se\/wp-json\/wp\/v2\/media?parent=132877"}],"wp:term":[{"taxonomy":"category","embeddable":true,"href":"https:\/\/www.europesays.com\/se\/wp-json\/wp\/v2\/categories?post=132877"},{"taxonomy":"post_tag","embeddable":true,"href":"https:\/\/www.europesays.com\/se\/wp-json\/wp\/v2\/tags?post=132877"}],"curies":[{"name":"wp","href":"https:\/\/api.w.org\/{rel}","templated":true}]}}