{"id":132881,"date":"2026-01-12T06:52:14","date_gmt":"2026-01-12T06:52:14","guid":{"rendered":"https:\/\/www.europesays.com\/se\/132881\/"},"modified":"2026-01-12T06:52:14","modified_gmt":"2026-01-12T06:52:14","slug":"har-ar-stjarnorna-som-fick-bast-och-samst-getingbetyg","status":"publish","type":"post","link":"https:\/\/www.europesays.com\/se\/132881\/","title":{"rendered":"H\u00e4r \u00e4r stj\u00e4rnorna som fick b\u00e4st och s\u00e4mst getingbetyg."},"content":{"rendered":"<p>Skandinavisk succ\u00e9 och flera riktiga misslyckanden.\u00a0<\/p>\n<p>Golden Globes r\u00f6da matta bjuder p\u00e5 b\u00e5de h\u00f6jdpunkter och l\u00e5gvattenm\u00e4rken.\u00a0<\/p>\n<p><img   alt=\"\"\/><\/p>\n<p>G\u00e4ster p\u00e5 Golden Globe 2026<\/p>\n<p>Foto: TT<\/p>\n<p>\u00d6ppna bild i helsk\u00e4rm<\/p>\n<p>Galas\u00e4songen har officiellt inletts. <a href=\"https:\/\/www.expressen.se\/tagg\/organization\/golden-globe\/\" class=\"\" rel=\"nofollow noopener\" target=\"_blank\">Golden Globe<\/a> 2026 bjuder p\u00e5 \u00e5rets f\u00f6rsta, riktigt stj\u00e4rnsp\u00e4ckade r\u00f6da matta fr\u00e5n Beverly Hills hotel i Los Angeles. Vilka lyckades b\u00e4st? Vem lyckades inte riktigt lika bra?<\/p>\n<p>Damernas V\u00e4rlds chefredakt\u00f6r<strong> Jonna Bergh<\/strong> s\u00e4tter getingbetyg p\u00e5 g\u00e4sterna p\u00e5 r\u00f6da mattan.\u00a0<\/p>\n<p>Stellan Skarsg\u00e5rd och Megan Everett-Skarsg\u00e5rd\u00a0<img loading=\"lazy\"   alt=\"\"\/><\/p>\n<p>Stellan Skarsg\u00e5rd och Megan Everett-Skarsg\u00e5rd.<\/p>\n<p>Foto: JORDAN STRAUSS \/ AP TT NYHETSBYR\u00c5N<\/p>\n<p>\u00d6ppna bild i helsk\u00e4rm<\/p>\n<p>Vilken v\u00e4lmatchat par i minimalismens anda. Stellans elegant uppkn\u00e4ppta look osar sj\u00e4lvf\u00f6rtroende och ger honom en personlig look. Det \u00e4r inte l\u00e4tt f\u00f6r herrar p\u00e5 r\u00f6da mattan att f\u00e5 fram ett eget uttryck vi h\u00f6gtidskl\u00e4dsel, men Stellan kan man lita p\u00e5. Fru Megans eleganta look och strama frisyr \u00e4r \u00e4ven v\u00e4rda att hyllas.\u00a0<\/p>\n<p>Jennifer Lopez<img loading=\"lazy\"   alt=\"\"\/><\/p>\n<p>Jennifer Lopez<\/p>\n<p>Foto: DAVID FISHER\/SHUTTERSTOCK EDITORIAL\/IBL<\/p>\n<p>\u00d6ppna bild i helsk\u00e4rm<\/p>\n<p>J\u00f6sses. Existerar ens s\u00e5dana h\u00e4r kl\u00e4nningar 2026? Sj\u00f6jungfrumodellen \u00e4r sv\u00e5r att lyckas med generellt \u2013 och l\u00e4gg d\u00e5 till ett pr\u00e5ligt m\u00f6nster i brunt, tr\u00f6tt chiffong, ej v\u00e4lsittande transparent tyg och s\u00e5 glittrande stenar p\u00e5 det. \u00d6gonen sm\u00e4rtar!<\/p>\n<p>Teyana Taylor<img loading=\"lazy\"   alt=\"\"\/><\/p>\n<p>Teyana Taylor.<\/p>\n<p>Foto: DAVID FISHER\/SHUTTERSTOCK \/ SHUTTERSTOCK EDITORIAL\/IBL<\/p>\n<p>\u00d6ppna bild i helsk\u00e4rm<\/p>\n<p>Teyana Taylor \u2026\u00a0Vilken stj\u00e4rna! Att hon kan b\u00e4ra upp de sv\u00e5raste kl\u00e4nningarna visar hon h\u00e4r \u2013 den h\u00e4r Schiaparelli-skapelsen \u00e4r inte l\u00e4ttburen. Snyggt hur kl\u00e4nningen visar hennes tatueringar b\u00e5de p\u00e5 br\u00f6stet och ryggen, sjaldetaljen \u00e4r elegant och bak f\u00e5r vi tv\u00e5 trenddetaljer p\u00e5 samma g\u00e5ng: rosett och glipa vid rumpan. \u00a0<\/p>\n<p><img loading=\"lazy\"   alt=\"\"\/><\/p>\n<p>Teyana Taylor<\/p>\n<p>Foto: RICHARD SHOTWELL \/ AP TT NYHETSBYR\u00c5N<\/p>\n<p>\u00d6ppna bild i helsk\u00e4rmSelena Gomez<img loading=\"lazy\"   alt=\"\"\/><\/p>\n<p>Selena Gomez<\/p>\n<p>Foto: DAVID FISHER SHUTTERSTOCK EDITORIAL\/IBL<\/p>\n<p>\u00d6ppna bild i helsk\u00e4rm<\/p>\n<p>H\u00e5ret, l\u00e4ppstiftet och kl\u00e4nningen \u2026\u00a0V\u00e4lmatchat och perfekt. Kanske lite f\u00f6r perfekt, looken \u00e4r fin men skapar varken habeg\u00e4r eller best\u00e5ende minnen.\u00a0<\/p>\n<p>Charli XCX<img loading=\"lazy\"   alt=\"\"\/><\/p>\n<p>Charli XCX.<\/p>\n<p>Foto: MATT BARON\/BEI\/SHUTTERSTOCK EDITORIAL\/IBL<\/p>\n<p>\u00d6ppna bild i helsk\u00e4rm<\/p>\n<p>N\u00e4r jag s\u00e5g att Charli p\u00e5 g\u00e4stlistan innan galan, s\u00e5 blev jag minst sagt f\u00f6rv\u00e4ntansfull att se hur hon skulle fixa en Golden Globe-look, hennes estetik ligger l\u00e5ngt ifr\u00e5n glamouren vi brukar se h\u00e4r. Och jag m\u00e5ste s\u00e4ga att jag \u00e4r djupt imponerad \u00f6ver hur v\u00e4l hennes Saint Laurent-kl\u00e4nning matchar s\u00e5v\u00e4l evenemanget som Charlis egen stil. Varg upptill, prinsessa nedtill. Spot on.\u00a0<\/p>\n<p><img loading=\"lazy\"   alt=\"\"\/><\/p>\n<p>Miley Cyrus.<\/p>\n<p>Foto: ALLENDE\/BROADIMAGE\/SHUTTERSTOCK EDITORIAL\/IBL<\/p>\n<p>\u00d6ppna bild i helsk\u00e4rm<\/p>\n<p>Solglas\u00f6gon p\u00e5 r\u00f6da mattan kr\u00e4ver sin kvinna. Och Miley \u00e4r den kvinnan \u2013\u00a0givetvis. Kl\u00e4nningen \u00e4r fr\u00e5n Saint Laurent och \u00e4r en riktig 80-talare i modern tappning, hon \u00e4r som tagen ur en Jackie Collins-roman. <strong>Jackie Collins <\/strong>romanfigurer \u00e4r m\u00f6jligen inte k\u00e4nda f\u00f6r sin elegans, men de \u00e4r aldrig tr\u00e5kiga \u2013\u00a0och alltid sexiga.\u00a0<\/p>\n<p>Julia Roberts<img loading=\"lazy\"   alt=\"\"\/><\/p>\n<p>Julia Roberts.<\/p>\n<p>Foto: DAVID FISHER\/SHUTTERSTOCK EDITORIAL\/IBL<\/p>\n<p>\u00d6ppna bild i helsk\u00e4rm<\/p>\n<p>Svart, klassiskt och \u2026\u00a0Fruktansv\u00e4rt tr\u00e5kigt. \u00a0<\/p>\n<p>Jenna Ortega<img loading=\"lazy\"   alt=\"\"\/><\/p>\n<p>Jenna Ortega.<\/p>\n<p>Foto: MATT BARON\/BEI\/SHUTTERSTOCK EDITORIAL\/IBL<\/p>\n<p>\u00d6ppna bild i helsk\u00e4rm<\/p>\n<p>Kl\u00e4nningen \u00e4r skapad av heta designern <strong>Dilara Findikoglu<\/strong> och dess gotiska stil \u00e4r ju som klippt och skuren p\u00e5 \u201dWednesday\u201d-aktrisen. Bra exempel p\u00e5 en look d\u00e4r m\u00e4nniskan g\u00f6r kl\u00e4nningen \u2013\u00a0p\u00e5 n\u00e5gon annan skulle den troligtvis f\u00e5 ett l\u00e4gre betyg. \u00a0\u00a0<\/p>\n<p>Renate Reinsve<img loading=\"lazy\"   alt=\"\"\/><\/p>\n<p>Renate Reinsve<\/p>\n<p>Foto: JORDAN STRAUSS \/ AP TT NYHETSBYR\u00c5N<\/p>\n<p>\u00d6ppna bild i helsk\u00e4rm<\/p>\n<p>Ja vi elsker denne kjolen! Norska superstj\u00e4rnan vinner priset f\u00f6r b\u00e4sta r\u00f6da mattan-look. Hennes str\u00e5lande Louis Vuitton-kl\u00e4nning \u00e4r effektiv och genialisk \u2013\u00a0f\u00f6rh\u00e5llandevis enkel i sin design, men med effektfull detalj i det \u00f6verdrivet b\u00e5gformande livet. Och s\u00e5 materialet som g\u00f6r att kl\u00e4nningen verkligen sticker ut h\u00e4r i kv\u00e4ll.\u00a0<\/p>\n<p>Jeremy Allen White<img loading=\"lazy\"   alt=\"\"\/><\/p>\n<p>Jeremy Allen White.<\/p>\n<p>Foto: MATT BARON\/BEI\/SHUTTERSTOCK EDITORIAL\/IBL<\/p>\n<p>\u00d6ppna bild i helsk\u00e4rm<\/p>\n<p>M\u00e5nga m\u00e4n h\u00e4r i kv\u00e4ll anv\u00e4nder broscher f\u00f6r att g\u00f6ra sina smokinglooker personliga \u2013 stils\u00e4kra Jeremy Allen White g\u00e5r d\u00e5 f\u00f6rst\u00e5s \u00e5t ett annat h\u00e5ll och b\u00e4r en noga utvald blomma p\u00e5 slaget i st\u00e4llet, fint matchat med en tunn fluga.<\/p>\n<p>Kate Hudson<img loading=\"lazy\"   alt=\"\"\/><\/p>\n<p>Kate Hudson<\/p>\n<p>Foto: DAVID FISHER\/SHUTTERSTOCK \/ SHUTTERSTOCK EDITORIAL\/IBL<\/p>\n<p>\u00d6ppna bild i helsk\u00e4rm<\/p>\n<p>Den omoderna versionen av Renate Reinsves femgetings-look.\u00a0<\/p>\n<p>Amal och George Clooney<img loading=\"lazy\"   alt=\"\"\/><\/p>\n<p>Amal och George Clooney<\/p>\n<p>Foto: ALLENDE\/BROADIMAGE\/SHUTTERSTOCK EDITORIAL\/IBL<\/p>\n<p>\u00d6ppna bild i helsk\u00e4rm<\/p>\n<p>Denna stj\u00e4rnduo borde v\u00e4l kunna anstr\u00e4nga sig lite mer \u00e4n att \u201dbara\u201d v\u00e4lja det mest klassiska som g\u00e5r att t\u00e4nka ut? H\u00e4r bjuds det inte p\u00e5 n\u00e5got extra, bara en h\u00f6gst ordin\u00e4r galakl\u00e4nning och en smoking helt utan personliga detaljer \u2026\u00a0Vi vill ha mer!<\/p>\n<p>Priyanka Chopra<img loading=\"lazy\"   alt=\"\"\/><\/p>\n<p>Priyanka Chopra.<\/p>\n<p>Foto: ALLENDE\/BROADIMAGE\/SHUTTERSTOCK EDITORIAL\/IBL<\/p>\n<p>\u00d6ppna bild i helsk\u00e4rm<\/p>\n<p>Hade Priyanka skippat det tajta, glansiga livet och l\u00e5tit kl\u00e4nningen h\u00e4nga fritt \u00e4nda ner till kn\u00e4h\u00f6jdens intag hade det blivit h\u00f6ga betyg. Den typen av silhuetter ser vi mycket av i det kommande v\u00e5rmodet. Nu blev det en halvmesyr som precis passerar betyget \u201dgodk\u00e4nt\u201d.\u00a0<\/p>\n<p>Snoop Dog<img loading=\"lazy\"   alt=\"\"\/><\/p>\n<p>Snoop Dogg.<\/p>\n<p>Foto: JORDAN STRAUSS \/ AP TT NYHETSBYR\u00c5N<\/p>\n<p>\u00d6ppna bild i helsk\u00e4rm<\/p>\n<p>Drop it like it&#8217;s hot! H\u00e4r finns det m\u00e5nga saker att gotta sig \u00e5t: Glans, r\u00f6da rev\u00e4rer, guldknappar, osvikligt sj\u00e4lvf\u00f6rtroende, bra smycken, en stadig dubbelkn\u00e4ppning och solglas\u00f6gon (ja, det \u00e4r hett).\u00a0<\/p>\n<p>Zoe Kravitz<img loading=\"lazy\"   alt=\"\"\/><\/p>\n<p>Zoe Kravitz<\/p>\n<p>Foto: DAVID FISHER\/SHUTTERSTOCK EDITORIAL\/IBL<\/p>\n<p>\u00d6ppna bild i helsk\u00e4rm<\/p>\n<p>Tyv\u00e4rr Zoe och Saint Laurent, det \u00e4r inte intressant att se ut som du bara reste dig ur s\u00e4ngen, struntade i att byta om och kom till galan i ett gammalt nattlinne.\u00a0<\/p>\n<p>Ariana Grande<img loading=\"lazy\"   alt=\"\"\/><\/p>\n<p>Ariana Grande<\/p>\n<p>Foto: JORDAN STRAUSS \/ AP TT NYHETSBYR\u00c5N<\/p>\n<p>\u00d6ppna bild i helsk\u00e4rm<\/p>\n<p>Jag erk\u00e4nner, jag kan i bland tvivla p\u00e5 Ariana Grandes (eller snarare hennes stylists) smak i fr\u00e5ga om mode. Men det g\u00e4ller inte i kv\u00e4ll. Denna otroligt fina Vivienne Westwood-kl\u00e4nning lyckas att f\u00e5 det gamla konceptet med tight liv plus mar\u00e4ngkjol att k\u00e4nnas modernt och fr\u00e4scht.\u00a0<\/p>\n<p>Emma Stone<img loading=\"lazy\"   alt=\"\"\/><\/p>\n<p>Emma Stone<\/p>\n<p>Foto: RICHARD SHOTWELL \/ AP TT NYHETSBYR\u00c5N<\/p>\n<p>\u00d6ppna bild i helsk\u00e4rm<\/p>\n<p>Klassisk 90-talslook fr\u00e5n Louis Vuitton: Pelarkjol, \u00e4rml\u00f6st och bar mage. Stylish n\u00e4stan \u00f6verallt, men inte p\u00e5 en Golden Globe-matta.\u00a0<\/p>\n<p>Ayo Edebiri<img loading=\"lazy\"   alt=\"\"\/><\/p>\n<p>Ayo Edebiri.<\/p>\n<p>Foto: JOHN SALANGSANG\/ SHUTTERSTOCK EDITORIAL\/IBL<\/p>\n<p>\u00d6ppna bild i helsk\u00e4rm<\/p>\n<p>Ayo \u00e4r en r\u00f6da mattan-favorit som alltid lyckas. I dag v\u00e4ljer hon en damigare look \u00e4n vanligt, men den kl\u00e4r henne och ger oss \u00e4nnu ett nytt uttryck fr\u00e5n denna stj\u00e4rna.\u00a0<\/p>\n<p>Jennifer Lawrence<img loading=\"lazy\"   alt=\"\"\/><\/p>\n<p>Jennifer Lawrence.<\/p>\n<p>Foto: ALLENDE\/BROADIMAGE\/SHUTTERSTOCK \/ SHUTTERSTOCK EDITORIAL\/IBL<\/p>\n<p>\u00d6ppna bild i helsk\u00e4rm<\/p>\n<p>Har hon g\u00f6mt sig p\u00e5 toaletten sedan Golden Globe 2024? De transparenta nakenkl\u00e4nningarnas tid \u00e4r f\u00f6rbi. \u00a0<\/p>\n<p>Aimee Lou Wood<img loading=\"lazy\"   alt=\"\"\/><\/p>\n<p>Aimee Lou Wood.<\/p>\n<p>Foto: MATT BARON\/BEI\/SHUTTERSTOCK EDITORIAL\/IBL<\/p>\n<p>\u00d6ppna bild i helsk\u00e4rm<\/p>\n<p>N\u00e4, det h\u00e4r blev inte bra. S\u00e5 tr\u00e5kigt, d\u00e5 Aimee har s\u00e5 mycket personlighet och karakt\u00e4r \u2013 kl\u00e4nningen lyfter inte fram henne p\u00e5 n\u00e5got s\u00e4tt. Tv\u00e4rtom, den kv\u00e4ver henne. Det finns absolut ingenting varken intressant eller kul med den h\u00e4r sorgliga skapelsen.<\/p>\n<p>Elle Fanning<img loading=\"lazy\"   alt=\"\"\/><\/p>\n<p>Elle Fanning<\/p>\n<p>Foto: RICHARD SHOTWELL \/ AP TT NYHETSBYR\u00c5N<\/p>\n<p>\u00d6ppna bild i helsk\u00e4rm<\/p>\n<p>En klassisk kl\u00e4nningsmodell som f\u00e5r nytt liv av ett piggt tyg. Och se s\u00e5 bra smycket matchar looken.\u00a0<\/p>\n<p>Timoth\u00e9e Chalamet<img loading=\"lazy\"   alt=\"\"\/><\/p>\n<p>Timoth\u00e9e Chalamet<\/p>\n<p>Foto: DAVID FISHER\/SHUTTERSTOCK \/IBL<\/p>\n<p>\u00d6ppna bild i helsk\u00e4rm<\/p>\n<p>L\u00e5t oss vara \u00e4rliga: Varje r\u00f6d matta d\u00e4r Timoth\u00e9e inte har <strong>Kylie Jenner <\/strong>vid sin sida \u00e4r lite av en besvikelse. Hans Chrome Heart-outift passar honom, men den f\u00e5r oss inte att hjula av pepp.\u00a0<\/p>\n","protected":false},"excerpt":{"rendered":"Skandinavisk succ\u00e9 och flera riktiga misslyckanden.\u00a0 Golden Globes r\u00f6da matta bjuder p\u00e5 b\u00e5de h\u00f6jdpunkter och l\u00e5gvattenm\u00e4rken.\u00a0 G\u00e4ster p\u00e5&hellip;\n","protected":false},"author":2,"featured_media":132882,"comment_status":"","ping_status":"","sticky":false,"template":"","format":"standard","meta":{"footnotes":""},"categories":[67],"tags":[104,13530,34,31,33,32,30,105],"class_list":{"0":"post-132881","1":"post","2":"type-post","3":"status-publish","4":"format-standard","5":"has-post-thumbnail","7":"category-underhallning","8":"tag-entertainment","9":"tag-organization-golden-globe","10":"tag-se","11":"tag-svenska","12":"tag-sverige","13":"tag-sweden","14":"tag-swedish","15":"tag-underhallning"},"share_on_mastodon":{"url":"https:\/\/pubeurope.com\/@se\/115880810495640988","error":""},"_links":{"self":[{"href":"https:\/\/www.europesays.com\/se\/wp-json\/wp\/v2\/posts\/132881","targetHints":{"allow":["GET"]}}],"collection":[{"href":"https:\/\/www.europesays.com\/se\/wp-json\/wp\/v2\/posts"}],"about":[{"href":"https:\/\/www.europesays.com\/se\/wp-json\/wp\/v2\/types\/post"}],"author":[{"embeddable":true,"href":"https:\/\/www.europesays.com\/se\/wp-json\/wp\/v2\/users\/2"}],"replies":[{"embeddable":true,"href":"https:\/\/www.europesays.com\/se\/wp-json\/wp\/v2\/comments?post=132881"}],"version-history":[{"count":0,"href":"https:\/\/www.europesays.com\/se\/wp-json\/wp\/v2\/posts\/132881\/revisions"}],"wp:featuredmedia":[{"embeddable":true,"href":"https:\/\/www.europesays.com\/se\/wp-json\/wp\/v2\/media\/132882"}],"wp:attachment":[{"href":"https:\/\/www.europesays.com\/se\/wp-json\/wp\/v2\/media?parent=132881"}],"wp:term":[{"taxonomy":"category","embeddable":true,"href":"https:\/\/www.europesays.com\/se\/wp-json\/wp\/v2\/categories?post=132881"},{"taxonomy":"post_tag","embeddable":true,"href":"https:\/\/www.europesays.com\/se\/wp-json\/wp\/v2\/tags?post=132881"}],"curies":[{"name":"wp","href":"https:\/\/api.w.org\/{rel}","templated":true}]}}