{"id":132903,"date":"2026-01-12T07:14:07","date_gmt":"2026-01-12T07:14:07","guid":{"rendered":"https:\/\/www.europesays.com\/se\/132903\/"},"modified":"2026-01-12T07:14:07","modified_gmt":"2026-01-12T07:14:07","slug":"statsradens-tal-under-folk-och-forsvar-2026","status":"publish","type":"post","link":"https:\/\/www.europesays.com\/se\/132903\/","title":{"rendered":"Statsr\u00e5dens tal under Folk och F\u00f6rsvar 2026"},"content":{"rendered":"<p>Statsr\u00e5dens tal under rikskonferensen<br \/>\nS\u00f6ndag 11 januari<\/p>\n<p>Statsminister <strong>Ulf Kristersson<\/strong> \u2013 Bygga trygghet och handlingskraft f\u00f6r Sverige<\/p>\n<p><a href=\"https:\/\/www.regeringen.se\/tal\/2026\/01\/statsministerns-tal-pa-folk-och-forsvars-rikskonferens-i-salen\/\" rel=\"nofollow noopener\" target=\"_blank\">Tal: Statsministerns tal vid Folk och F\u00f6rsvar 2026<\/a><br \/><a href=\"https:\/\/www.youtube.com\/watch?v=dHmwJhQKA-M\" rel=\"nofollow noopener\" target=\"_blank\">Webb-tv: Statsministerns tal p\u00e5 Folk\u00a0 och F\u00f6rsvars Youtube-kanal (youtube.com).\u00a0&#8211; extern webbplats,<\/a><\/p>\n<p>Minister f\u00f6r civilt f\u00f6rsvar <strong>Carl-Oskar Bohlin<\/strong> \u2013 Fredens pris<\/p>\n<p><a href=\"https:\/\/www.regeringen.se\/tal\/2026\/01\/ministern-for-civilt-forsvars-tal-pa-folk-och-forsvars-rikskonferens-2026\/\" rel=\"nofollow noopener\" target=\"_blank\">Tal: Ministern f\u00f6r civilt f\u00f6rsvars tal p\u00e5 Folk och F\u00f6rsvars rikskonferens 2026<\/a><br \/><a href=\"https:\/\/www.youtube.com\/watch?v=f7muFRKAHWY\" rel=\"nofollow noopener\" target=\"_blank\">Webb-tv: Ministern f\u00f6r civilt f\u00f6rsvars tal p\u00e5 Folk och F\u00f6rsvars Youtube-kanal.\u00a0&#8211; extern webbplats,<\/a><\/p>\n<p>M\u00e5ndag 12 januari<\/p>\n<p>Utrikesminister <strong>Maria Malmer Stenergard<\/strong> \u2013 Nordiskt ledarskap f\u00f6r samarbete i oroliga tider<\/p>\n<p>Tal:<br \/>Webb-tv:<\/p>\n<p>F\u00f6rsvarsminister <strong>P\u00e5l Jonson<\/strong> \u2013 Skapa f\u00f6ruts\u00e4ttningar f\u00f6r \u00f6kad milit\u00e4r f\u00f6rm\u00e5ga<\/p>\n<p>Tal:<br \/>Webb-tv:<\/p>\n<p>Tisdag 13 januari<\/p>\n<p>Justitieminister <strong>Gunnar Str\u00f6mmer<\/strong> \u2013 Ett gemensamt ansvar att v\u00e4nda trenden<\/p>\n<p>Tal:<br \/>Webb-tv:<\/p>\n<p>Samtliga seminarier direkts\u00e4nds p\u00e5 Youtube och g\u00e5r \u00e4ven att se i efterhand p\u00e5 Folk och F\u00f6rsvars webbplats.<\/p>\n<p>Nyheter som presenterades<\/p>\n<ul>\n<li><a href=\"https:\/\/www.regeringen.se\/pressmeddelanden\/2026\/01\/formagan-i-det-civila-forsvaret-fortsatter-att-oka\/\" rel=\"nofollow noopener\" target=\"_blank\">Pressmeddelande: F\u00f6rm\u00e5gan i det civila f\u00f6rsvaret forts\u00e4tter att \u00f6ka<\/a><\/li>\n<li><a href=\"https:\/\/www.regeringen.se\/pressmeddelanden\/2026\/01\/20-000-skyddsmasker-till-det-civila-forsvaret\/\" rel=\"nofollow noopener\" target=\"_blank\">Pressmeddelande: 20 000 skyddsmasker till det civila f\u00f6rsvaret<\/a><\/li>\n<li><a href=\"https:\/\/www.regeringen.se\/pressmeddelanden\/2026\/01\/bred-satsning-pa-territoriellt-luftvarn-vard-cirka-15-miljarder-kronor\/\" rel=\"nofollow noopener\" target=\"_blank\">Pressmeddelande: Bred satsning p\u00e5 territoriellt luftv\u00e4rn v\u00e4rd cirka 15 miljarder kronor<\/a><\/li>\n<li><a href=\"https:\/\/www.regeringen.se\/pressmeddelanden\/2026\/01\/regeringen-deltar-pa-folk-och-forsvar\/\" rel=\"nofollow noopener\" target=\"_blank\">Pressmeddelande: Regeringen deltar p\u00e5 Folk och F\u00f6rsvar<\/a><\/li>\n<\/ul>\n<p>\u00a0<\/p>\n","protected":false},"excerpt":{"rendered":"Statsr\u00e5dens tal under rikskonferensen S\u00f6ndag 11 januari Statsminister Ulf Kristersson \u2013 Bygga trygghet och handlingskraft f\u00f6r Sverige Tal:&hellip;\n","protected":false},"author":2,"featured_media":132904,"comment_status":"","ping_status":"","sticky":false,"template":"","format":"standard","meta":{"footnotes":""},"categories":[5],"tags":[22,23,26,27,17,21,24,25,28,29,15,16,18,34,31,33,32,30,19,20],"class_list":{"0":"post-132903","1":"post","2":"type-post","3":"status-publish","4":"format-standard","5":"has-post-thumbnail","7":"category-rubriker","8":"tag-breaking-news","9":"tag-breakingnews","10":"tag-featured-news","11":"tag-featurednews","12":"tag-headlines","13":"tag-huvudnyheter","14":"tag-latest-news","15":"tag-latestnews","16":"tag-main-news","17":"tag-mainnews","18":"tag-news","19":"tag-nyheter","20":"tag-rubriker","21":"tag-se","22":"tag-svenska","23":"tag-sverige","24":"tag-sweden","25":"tag-swedish","26":"tag-top-stories","27":"tag-topstories"},"share_on_mastodon":{"url":"https:\/\/pubeurope.com\/@se\/115880896921477404","error":""},"_links":{"self":[{"href":"https:\/\/www.europesays.com\/se\/wp-json\/wp\/v2\/posts\/132903","targetHints":{"allow":["GET"]}}],"collection":[{"href":"https:\/\/www.europesays.com\/se\/wp-json\/wp\/v2\/posts"}],"about":[{"href":"https:\/\/www.europesays.com\/se\/wp-json\/wp\/v2\/types\/post"}],"author":[{"embeddable":true,"href":"https:\/\/www.europesays.com\/se\/wp-json\/wp\/v2\/users\/2"}],"replies":[{"embeddable":true,"href":"https:\/\/www.europesays.com\/se\/wp-json\/wp\/v2\/comments?post=132903"}],"version-history":[{"count":0,"href":"https:\/\/www.europesays.com\/se\/wp-json\/wp\/v2\/posts\/132903\/revisions"}],"wp:featuredmedia":[{"embeddable":true,"href":"https:\/\/www.europesays.com\/se\/wp-json\/wp\/v2\/media\/132904"}],"wp:attachment":[{"href":"https:\/\/www.europesays.com\/se\/wp-json\/wp\/v2\/media?parent=132903"}],"wp:term":[{"taxonomy":"category","embeddable":true,"href":"https:\/\/www.europesays.com\/se\/wp-json\/wp\/v2\/categories?post=132903"},{"taxonomy":"post_tag","embeddable":true,"href":"https:\/\/www.europesays.com\/se\/wp-json\/wp\/v2\/tags?post=132903"}],"curies":[{"name":"wp","href":"https:\/\/api.w.org\/{rel}","templated":true}]}}