{"id":132911,"date":"2026-01-12T07:22:06","date_gmt":"2026-01-12T07:22:06","guid":{"rendered":"https:\/\/www.europesays.com\/se\/132911\/"},"modified":"2026-01-12T07:22:06","modified_gmt":"2026-01-12T07:22:06","slug":"12-januari-07-43-sammanfattning-natt-sodermanlands-lan","status":"publish","type":"post","link":"https:\/\/www.europesays.com\/se\/132911\/","title":{"rendered":"12 januari 07.43, Sammanfattning natt, S\u00f6dermanlands l\u00e4n"},"content":{"rendered":"<p>Polisens regionledningscentral har mellan klockan 22.00-07.00 hanterat ett 30-tal \u00e4renden som r\u00f6r S\u00f6dermanlands l\u00e4n.<\/p>\n<p><strong>Man till sjukhus efter arbetsplatsolycka<\/strong><br \/>Strax f\u00f6re midnatt inkommer ett larm om att en man br\u00e4nt sig p\u00e5 flytande st\u00e5l vid en arbetsplats i Oxel\u00f6sund. Mannen f\u00f6rs till sjukhus i ambulans efter olyckan. Skadel\u00e4get \u00e4r f\u00f6r polisen ok\u00e4nt. Polisen har varit vid olycksplatsen och efter en initial kontroll uppr\u00e4ttat en anm\u00e4lan om arbetsmilj\u00f6brott. \u00a0<\/p>\n<p>Ut\u00f6ver detta har polisen sedan den sena s\u00f6ndagskv\u00e4llen bland annat gjort rutinm\u00e4ssiga kontroller p\u00e5 eget initiativ eller efter larm fr\u00e5n allm\u00e4nheten.<\/p>\n","protected":false},"excerpt":{"rendered":"Polisens regionledningscentral har mellan klockan 22.00-07.00 hanterat ett 30-tal \u00e4renden som r\u00f6r S\u00f6dermanlands l\u00e4n. Man till sjukhus efter&hellip;\n","protected":false},"author":2,"featured_media":54,"comment_status":"","ping_status":"","sticky":false,"template":"","format":"standard","meta":{"footnotes":""},"categories":[12],"tags":[22,23,26,27,17,21,24,25,28,29,15,16,18,34,31,33,32,30,19,20],"class_list":{"0":"post-132911","1":"post","2":"type-post","3":"status-publish","4":"format-standard","5":"has-post-thumbnail","7":"category-sverige","8":"tag-breaking-news","9":"tag-breakingnews","10":"tag-featured-news","11":"tag-featurednews","12":"tag-headlines","13":"tag-huvudnyheter","14":"tag-latest-news","15":"tag-latestnews","16":"tag-main-news","17":"tag-mainnews","18":"tag-news","19":"tag-nyheter","20":"tag-rubriker","21":"tag-se","22":"tag-svenska","23":"tag-sverige","24":"tag-sweden","25":"tag-swedish","26":"tag-top-stories","27":"tag-topstories"},"share_on_mastodon":{"url":"https:\/\/pubeurope.com\/@se\/115880928414487134","error":""},"_links":{"self":[{"href":"https:\/\/www.europesays.com\/se\/wp-json\/wp\/v2\/posts\/132911","targetHints":{"allow":["GET"]}}],"collection":[{"href":"https:\/\/www.europesays.com\/se\/wp-json\/wp\/v2\/posts"}],"about":[{"href":"https:\/\/www.europesays.com\/se\/wp-json\/wp\/v2\/types\/post"}],"author":[{"embeddable":true,"href":"https:\/\/www.europesays.com\/se\/wp-json\/wp\/v2\/users\/2"}],"replies":[{"embeddable":true,"href":"https:\/\/www.europesays.com\/se\/wp-json\/wp\/v2\/comments?post=132911"}],"version-history":[{"count":0,"href":"https:\/\/www.europesays.com\/se\/wp-json\/wp\/v2\/posts\/132911\/revisions"}],"wp:featuredmedia":[{"embeddable":true,"href":"https:\/\/www.europesays.com\/se\/wp-json\/wp\/v2\/media\/54"}],"wp:attachment":[{"href":"https:\/\/www.europesays.com\/se\/wp-json\/wp\/v2\/media?parent=132911"}],"wp:term":[{"taxonomy":"category","embeddable":true,"href":"https:\/\/www.europesays.com\/se\/wp-json\/wp\/v2\/categories?post=132911"},{"taxonomy":"post_tag","embeddable":true,"href":"https:\/\/www.europesays.com\/se\/wp-json\/wp\/v2\/tags?post=132911"}],"curies":[{"name":"wp","href":"https:\/\/api.w.org\/{rel}","templated":true}]}}