{"id":132919,"date":"2026-01-12T07:33:07","date_gmt":"2026-01-12T07:33:07","guid":{"rendered":"https:\/\/www.europesays.com\/se\/132919\/"},"modified":"2026-01-12T07:33:07","modified_gmt":"2026-01-12T07:33:07","slug":"morgonens-nyheter-stort-intresse-for-etablering-vid-e18-jonsson-kan-bli-kvar-sa-manga-miljoner-kostar-namnbytet","status":"publish","type":"post","link":"https:\/\/www.europesays.com\/se\/132919\/","title":{"rendered":"MORGONENS NYHETER: Stort intresse f\u00f6r etablering vid E18 \u2022 J\u00f6nsson kan bli kvar \u2022 S\u00e5 m\u00e5nga miljoner kostar namnbytet"},"content":{"rendered":"<p class=\"mb-4 mx-auto max-w-xl\"><strong>Vill du f\u00e5 en snabb nyhetsuppdatering kring l\u00e4get i V\u00e4rmland? H\u00e4r \u00e4r morgonens nyheter.<\/strong><\/p>\n<p class=\"break-words mb-4 mx-auto max-w-xl\">Intresset f\u00f6r det nya stora verksamhetsomr\u00e5det p\u00e5 Eriksberg norr om E18 n\u00e4ra Bergvik \u00e4r stort.<\/p>\n<p><a class=\"in-article-link mb-4 mx-auto max-w-xl text-gray-900 hover:text-gray-900\/70 dark:text-gray-50 dark:hover:text-gray-50\/70\" href=\"https:\/\/www.nwt.se\/2026\/01\/12\/stort-intresse-for-att-etablera-sig-intill-e18-pa-eriksberg-f5f7b\/\" rel=\"nofollow noopener\" target=\"_blank\">Stort intresse f\u00f6r att etablera sig intill E18 p\u00e5 Eriksberg<\/a><\/p>\n<p class=\"break-words mb-4 mx-auto max-w-xl\">I fredags slog bomben ner n\u00e4r J\u00f6rgen J\u00f6nsson fick sparken som huvudtr\u00e4nare.<\/p>\n<p class=\"break-words mb-4 mx-auto max-w-xl\">Men nu kan NWT avsl\u00f6ja att ikonen kan komma att bli kvar i F\u00e4rjestad \u00e4nd\u00e5.<\/p>\n<p><a class=\"in-article-link mb-4 mx-auto max-w-xl text-gray-900 hover:text-gray-900\/70 dark:text-gray-50 dark:hover:text-gray-50\/70\" href=\"https:\/\/www.nwt.se\/2026\/01\/11\/efter-turbulensen-jonsson-kan-bli-kvar-i-farjestad-fbd83\/\" rel=\"nofollow noopener\" target=\"_blank\">Efter turbulensen \u2013 J\u00f6nsson kan bli kvar i F\u00e4rjestad<\/a><\/p>\n<p class=\"break-words mb-4 mx-auto max-w-xl\">Tio miljoner kronor. S\u00e5 mycket ber\u00e4knas det kosta f\u00f6r skattebetalarna n\u00e4r Myndigheten f\u00f6r samh\u00e4llsskydd och beredskap (MSB) bytt namn, rapporterar <a href=\"https:\/\/www.svt.se\/nyheter\/lokalt\/varmland\/kostnaden-for-msbs-namnbyte-10-miljoner-kronor\" target=\"_blank\" rel=\"nofollow noopener\">SVT<\/a>.<\/p>\n<p><a class=\"in-article-link mb-4 mx-auto max-w-xl text-gray-900 hover:text-gray-900\/70 dark:text-gray-50 dark:hover:text-gray-50\/70\" href=\"https:\/\/www.nwt.se\/2026\/01\/12\/sa-manga-miljoner-kostar-myndighetens-namnbyte-d1b0d\/\" rel=\"nofollow noopener\" target=\"_blank\">S\u00e5 m\u00e5nga miljoner kostar myndighetens namnbyte<\/a><\/p>\n","protected":false},"excerpt":{"rendered":"Vill du f\u00e5 en snabb nyhetsuppdatering kring l\u00e4get i V\u00e4rmland? H\u00e4r \u00e4r morgonens nyheter. Intresset f\u00f6r det nya&hellip;\n","protected":false},"author":2,"featured_media":132920,"comment_status":"","ping_status":"","sticky":false,"template":"","format":"standard","meta":{"footnotes":""},"categories":[68],"tags":[34,111,110,31,33,32,30],"class_list":{"0":"post-132919","1":"post","2":"type-post","3":"status-publish","4":"format-standard","5":"has-post-thumbnail","7":"category-sport","8":"tag-se","9":"tag-sport","10":"tag-sports","11":"tag-svenska","12":"tag-sverige","13":"tag-sweden","14":"tag-swedish"},"share_on_mastodon":{"url":"https:\/\/pubeurope.com\/@se\/115880971597899805","error":""},"_links":{"self":[{"href":"https:\/\/www.europesays.com\/se\/wp-json\/wp\/v2\/posts\/132919","targetHints":{"allow":["GET"]}}],"collection":[{"href":"https:\/\/www.europesays.com\/se\/wp-json\/wp\/v2\/posts"}],"about":[{"href":"https:\/\/www.europesays.com\/se\/wp-json\/wp\/v2\/types\/post"}],"author":[{"embeddable":true,"href":"https:\/\/www.europesays.com\/se\/wp-json\/wp\/v2\/users\/2"}],"replies":[{"embeddable":true,"href":"https:\/\/www.europesays.com\/se\/wp-json\/wp\/v2\/comments?post=132919"}],"version-history":[{"count":0,"href":"https:\/\/www.europesays.com\/se\/wp-json\/wp\/v2\/posts\/132919\/revisions"}],"wp:featuredmedia":[{"embeddable":true,"href":"https:\/\/www.europesays.com\/se\/wp-json\/wp\/v2\/media\/132920"}],"wp:attachment":[{"href":"https:\/\/www.europesays.com\/se\/wp-json\/wp\/v2\/media?parent=132919"}],"wp:term":[{"taxonomy":"category","embeddable":true,"href":"https:\/\/www.europesays.com\/se\/wp-json\/wp\/v2\/categories?post=132919"},{"taxonomy":"post_tag","embeddable":true,"href":"https:\/\/www.europesays.com\/se\/wp-json\/wp\/v2\/tags?post=132919"}],"curies":[{"name":"wp","href":"https:\/\/api.w.org\/{rel}","templated":true}]}}