{"id":132924,"date":"2026-01-12T07:40:10","date_gmt":"2026-01-12T07:40:10","guid":{"rendered":"https:\/\/www.europesays.com\/se\/132924\/"},"modified":"2026-01-12T07:40:10","modified_gmt":"2026-01-12T07:40:10","slug":"soptomning-vintertid-habo","status":"publish","type":"post","link":"https:\/\/www.europesays.com\/se\/132924\/","title":{"rendered":"Sopt\u00f6mning vintertid &#8211; H\u00e5bo"},"content":{"rendered":"<ol>\n<li><a href=\"https:\/\/news.google.com\/rss\/articles\/CBMivgFBVV95cUxOQjRTa0NhTl80N3kzeURac3pQUU9uT0hXYXNBZ3VNX1BvVHJSRUthbWktR2xaTXJrTXBmMk12M21wc1N6TFYwdXI0N3RVQ2kzNzRWdHhCeGRNX1VOM2lLLXVnVGZRSlhJYmYtbzNrcHAwTGZOVmQxNXEtdEJEamJFYjlQLUdtTmxPdmItXzJnOWprQklKTEZmdVlvUmNoR0QzRWU1Yk1XRjdSTk1oZXNxTHdLc1VwUjN4bjdMRW13?oc=5\" target=\"_blank\" rel=\"nofollow noopener\">Sopt\u00f6mning vintertid<\/a>&nbsp;&nbsp;H\u00e5bo<\/li>\n<li><a href=\"https:\/\/news.google.com\/rss\/articles\/CBMikAFBVV95cUxPYmRkekVvOW5LZWE3akNTQk0tREtkRS1sU0k0REZFVmVWOFJjX290NWk3RXhDczhVV2Y4SDJ4dGtGVlkzNTRTeGdlYWRueXcyS01ocmRFdHBIQ1NELTVHeVYyb2VuQ3RsVzhPd0VEQWRPcW9OVngxcTI2d1hMTUVnN2E5ZnBFSTgxaXRScnlEdEc?oc=5\" target=\"_blank\" rel=\"nofollow noopener\">Ditt ansvar att soporna t\u00f6ms \u2013 s\u00e5 slipper du fastfrusna k\u00e4rl<\/a>&nbsp;&nbsp;Sveriges Radio<\/li>\n<li><a href=\"https:\/\/news.google.com\/rss\/articles\/CBMisAFBVV95cUxOVWVLMzFHX1JyQXJ3c0RveWJ1X3hGbTZGQWpuOWpjWXlnZTdhU3BJUmszS3NaRmlKQVdGOUF5WVltRmZSaUZYM1g4T0tGWDIxR21SOWp4VjVCMy1UQm1fNTJsSEVzY1pTTjhlNVJSSEVJazZBUFRLcTB6R25IN0g5d0pzWkd5b0llNUZOQnJCRm5DdFBITnpkTHhSZy1QYXNuRE5od0xQdFI5SDJ5b056MA?oc=5\" target=\"_blank\" rel=\"nofollow noopener\">Efter sn\u00f6kaoset \u2013 Karlstads Energi tar igen inst\u00e4lld soph\u00e4mtning: \u201dEn utmaning\u201d<\/a>&nbsp;&nbsp;NWT<\/li>\n<li><a href=\"https:\/\/news.google.com\/rss\/articles\/CBMirgFBVV95cUxQRnRRTDFjWHV2YjYzS3BuOWltX2Qwd0dHZnROeS13ZF8zRWJrYm9WeC04WnZnVV8zZm9sM0h1V3ZTVUtvZk9LbE9reXgzMDJINWNJb09vTlM1TzczZHdYOUhWZ244U1NTVHZNdFpqZExhNUxnOGVpaXNlNUhyTDNmQWN6ZEl3QUxEZ2dqQ1R0RFhuaGo0Q05tNmJwNmJ1ajVXaXh2TVY3MWhNRDB2SlE?oc=5\" target=\"_blank\" rel=\"nofollow noopener\">Tekniska problem och halka bakom f\u00f6rseningar i soph\u00e4mtningen<\/a>&nbsp;&nbsp;Norran<\/li>\n<li><a href=\"https:\/\/news.google.com\/rss\/articles\/CBMiZkFVX3lxTFBXckFVSmlJNDV2dEwyWjhJYmRqOTRITU1PWEN3dWNfZ0dXYkM3VVBEam5IZzVqcmNTckgydU4zWGpjSUdJUnFDRXJ2YXNJelVJYTZJekJRX1ByRWtzQ0FwXzEwNG5BQQ?oc=5\" target=\"_blank\" rel=\"nofollow noopener\">Beskedet om soph\u00e4mtningen<\/a>&nbsp;&nbsp;Sundsvalls Tidning<\/li>\n<\/ol>\n","protected":false},"excerpt":{"rendered":"Sopt\u00f6mning vintertid&nbsp;&nbsp;H\u00e5bo Ditt ansvar att soporna t\u00f6ms \u2013 s\u00e5 slipper du fastfrusna k\u00e4rl&nbsp;&nbsp;Sveriges Radio Efter sn\u00f6kaoset \u2013 Karlstads&hellip;\n","protected":false},"author":2,"featured_media":17124,"comment_status":"","ping_status":"","sticky":false,"template":"","format":"standard","meta":{"footnotes":""},"categories":[12],"tags":[22,23,26,27,17,21,24,25,28,29,15,16,18,34,31,33,32,30,19,20],"class_list":{"0":"post-132924","1":"post","2":"type-post","3":"status-publish","4":"format-standard","5":"has-post-thumbnail","7":"category-sverige","8":"tag-breaking-news","9":"tag-breakingnews","10":"tag-featured-news","11":"tag-featurednews","12":"tag-headlines","13":"tag-huvudnyheter","14":"tag-latest-news","15":"tag-latestnews","16":"tag-main-news","17":"tag-mainnews","18":"tag-news","19":"tag-nyheter","20":"tag-rubriker","21":"tag-se","22":"tag-svenska","23":"tag-sverige","24":"tag-sweden","25":"tag-swedish","26":"tag-top-stories","27":"tag-topstories"},"share_on_mastodon":{"url":"https:\/\/pubeurope.com\/@se\/115880999231791998","error":""},"_links":{"self":[{"href":"https:\/\/www.europesays.com\/se\/wp-json\/wp\/v2\/posts\/132924","targetHints":{"allow":["GET"]}}],"collection":[{"href":"https:\/\/www.europesays.com\/se\/wp-json\/wp\/v2\/posts"}],"about":[{"href":"https:\/\/www.europesays.com\/se\/wp-json\/wp\/v2\/types\/post"}],"author":[{"embeddable":true,"href":"https:\/\/www.europesays.com\/se\/wp-json\/wp\/v2\/users\/2"}],"replies":[{"embeddable":true,"href":"https:\/\/www.europesays.com\/se\/wp-json\/wp\/v2\/comments?post=132924"}],"version-history":[{"count":0,"href":"https:\/\/www.europesays.com\/se\/wp-json\/wp\/v2\/posts\/132924\/revisions"}],"wp:featuredmedia":[{"embeddable":true,"href":"https:\/\/www.europesays.com\/se\/wp-json\/wp\/v2\/media\/17124"}],"wp:attachment":[{"href":"https:\/\/www.europesays.com\/se\/wp-json\/wp\/v2\/media?parent=132924"}],"wp:term":[{"taxonomy":"category","embeddable":true,"href":"https:\/\/www.europesays.com\/se\/wp-json\/wp\/v2\/categories?post=132924"},{"taxonomy":"post_tag","embeddable":true,"href":"https:\/\/www.europesays.com\/se\/wp-json\/wp\/v2\/tags?post=132924"}],"curies":[{"name":"wp","href":"https:\/\/api.w.org\/{rel}","templated":true}]}}