{"id":132936,"date":"2026-01-12T07:49:25","date_gmt":"2026-01-12T07:49:25","guid":{"rendered":"https:\/\/www.europesays.com\/se\/132936\/"},"modified":"2026-01-12T07:49:25","modified_gmt":"2026-01-12T07:49:25","slug":"nu-kan-foreningar-ansoka-om-flagga-och-fana","status":"publish","type":"post","link":"https:\/\/www.europesays.com\/se\/132936\/","title":{"rendered":"Nu kan f\u00f6reningar ans\u00f6ka om flagga och fana"},"content":{"rendered":"<p class=\"normal\">Ett begr\u00e4nsat antal fanor, cirka tio stycken, delas ut av H.M. Konungen vid det traditionella firandet av Nationaldagen p\u00e5 Skansen i Stockholm den 6 juni. \u00d6vriga fanor \u00f6verl\u00e4mnas vid lokala firanden. Landsh\u00f6vdingen i \u00d6sterg\u00f6tland delar ut fanorna till mottagarna under en ceremoni p\u00e5 Link\u00f6pings slott.<\/p>\n<p class=\"normal\">Stiftelsen Sveriges Nationaldag tar emot ans\u00f6kningarna, sedan skickar de en lista till respektive l\u00e4nskommitt\u00e9, d\u00e4r landsh\u00f6vdingen ing\u00e5r. L\u00e4nskommitt\u00e9n g\u00f6r en prioritering bland ans\u00f6kningarna.<\/p>\n<p class=\"normal\">Observera att privatpersoner inte kan ans\u00f6ka om en fana, utan bara f\u00f6reningar och organisationer.<\/p>\n<p class=\"normal\">Ans\u00f6kan om flagga eller fana skickas till Stiftelsen Sveriges Nationaldags kansli f\u00f6re den 1 februari.<\/p>\n<p class=\"sv-font-brodtext-med-bla-lankning\"><a href=\"https:\/\/nationaldagen.se\/start\/flaggan\/ansok-om-flagga-och-fana\/\" rel=\"nofollow noopener\" target=\"_blank\">Ans\u00f6k om flagga och fana, Stiftelsen Sveriges Nationaldag L\u00e4nk till annan webbplats.<\/a><\/p>\n","protected":false},"excerpt":{"rendered":"Ett begr\u00e4nsat antal fanor, cirka tio stycken, delas ut av H.M. Konungen vid det traditionella firandet av Nationaldagen&hellip;\n","protected":false},"author":2,"featured_media":132937,"comment_status":"","ping_status":"","sticky":false,"template":"","format":"standard","meta":{"footnotes":""},"categories":[5],"tags":[22,23,26,27,17,21,24,25,28,29,15,16,18,34,31,33,32,30,19,20],"class_list":{"0":"post-132936","1":"post","2":"type-post","3":"status-publish","4":"format-standard","5":"has-post-thumbnail","7":"category-rubriker","8":"tag-breaking-news","9":"tag-breakingnews","10":"tag-featured-news","11":"tag-featurednews","12":"tag-headlines","13":"tag-huvudnyheter","14":"tag-latest-news","15":"tag-latestnews","16":"tag-main-news","17":"tag-mainnews","18":"tag-news","19":"tag-nyheter","20":"tag-rubriker","21":"tag-se","22":"tag-svenska","23":"tag-sverige","24":"tag-sweden","25":"tag-swedish","26":"tag-top-stories","27":"tag-topstories"},"share_on_mastodon":{"url":"https:\/\/pubeurope.com\/@se\/115881034675414210","error":""},"_links":{"self":[{"href":"https:\/\/www.europesays.com\/se\/wp-json\/wp\/v2\/posts\/132936","targetHints":{"allow":["GET"]}}],"collection":[{"href":"https:\/\/www.europesays.com\/se\/wp-json\/wp\/v2\/posts"}],"about":[{"href":"https:\/\/www.europesays.com\/se\/wp-json\/wp\/v2\/types\/post"}],"author":[{"embeddable":true,"href":"https:\/\/www.europesays.com\/se\/wp-json\/wp\/v2\/users\/2"}],"replies":[{"embeddable":true,"href":"https:\/\/www.europesays.com\/se\/wp-json\/wp\/v2\/comments?post=132936"}],"version-history":[{"count":0,"href":"https:\/\/www.europesays.com\/se\/wp-json\/wp\/v2\/posts\/132936\/revisions"}],"wp:featuredmedia":[{"embeddable":true,"href":"https:\/\/www.europesays.com\/se\/wp-json\/wp\/v2\/media\/132937"}],"wp:attachment":[{"href":"https:\/\/www.europesays.com\/se\/wp-json\/wp\/v2\/media?parent=132936"}],"wp:term":[{"taxonomy":"category","embeddable":true,"href":"https:\/\/www.europesays.com\/se\/wp-json\/wp\/v2\/categories?post=132936"},{"taxonomy":"post_tag","embeddable":true,"href":"https:\/\/www.europesays.com\/se\/wp-json\/wp\/v2\/tags?post=132936"}],"curies":[{"name":"wp","href":"https:\/\/api.w.org\/{rel}","templated":true}]}}