{"id":132938,"date":"2026-01-12T07:50:13","date_gmt":"2026-01-12T07:50:13","guid":{"rendered":"https:\/\/www.europesays.com\/se\/132938\/"},"modified":"2026-01-12T07:50:13","modified_gmt":"2026-01-12T07:50:13","slug":"aggressiv-brostcancer-styr-tillverkning-av-protein","status":"publish","type":"post","link":"https:\/\/www.europesays.com\/se\/132938\/","title":{"rendered":"Aggressiv br\u00f6stcancer styr tillverkning av protein"},"content":{"rendered":"<p>Forskare vid Ume\u00e5\u00a0universitet har uppt\u00e4ckt en tidigare ok\u00e4nd mekanism d\u00e4r produktionen av proteiner finjusteras vid\u00a0trippelnegativ br\u00f6stcancer. F\u00f6rhoppningen \u00e4r att \u00f6kad f\u00f6rst\u00e5else f\u00f6r hur tum\u00f6rer v\u00e4xer och anpassar sig ska leda till nya framtida behandlingar.<\/p>\n<p>            den 12 januari 2026 08:39<\/p>\n<p>\u2013 Vi har hittat en kritisk kontrollpunkt som n\u00e4r den st\u00f6rs, kan tippa balansen mot cancer, s\u00e4ger <b>Francesca Aguilo<\/b>, docent vid Institutionen f\u00f6r molekyl\u00e4rbiologi vid Ume\u00e5 universitet och som har lett den aktuella studien, i en kommentar.<\/p>\n<p>Enligt studien,\u00a0publicerats i den vetenskapliga tidskriften <a href=\"https:\/\/pubmed.ncbi.nlm.nih.gov\/41260515\/\" target=\"_blank\" rel=\"nofollow noopener\">Cancer Letters<\/a>, spelar enzymet fibrillarin en central roll b\u00e5de i hur ribosomer, sm\u00e5 molekyl\u00e4ra fabriker som \u00f6vers\u00e4tter genetisk information fr\u00e5n RNA till proteiner, byggs och i vilka proteiner som produceras.<\/p>\n<p>\n                        Ja, tack! Jag vill prenumerera p\u00e5 Life science Sweden under 1 m\u00e5nad. Ingen bindningstid Du f\u00e5r bland annat tillg\u00e5ng till e-tidning, nyhetsbrev och plusartiklar p\u00e5 hemsidan\n                    <\/p>\n<p>\n                    F\u00e5 tillg\u00e5ng till allt inneh\u00e5ll p\u00e5 Life Science Sweden\n                <\/p>\n<p>\n                    Ingen bindningstid eller kortinformation kr\u00e4vs\n                <\/p>\n<p>\n                        G\u00e4ller endast personlig prenumeration.\n                    <\/p>\n<p>                                            <a v-for=\"(project, index) in projects\" v-show=\"index &lt; max || showAll\" v-bind:href=\"'https:\/\/www.projektagenten.se\/project\/' + project.id\" target=\"_blank\" class=\"article-project\"><\/p>\n<p>                                                {{ project.name }}<br \/>\n                                                L\u00e4s om projektet<br \/>\n                                            <\/a><\/p>\n<p>                                                Alla relaterade projekt<\/p>\n","protected":false},"excerpt":{"rendered":"Forskare vid Ume\u00e5\u00a0universitet har uppt\u00e4ckt en tidigare ok\u00e4nd mekanism d\u00e4r produktionen av proteiner finjusteras vid\u00a0trippelnegativ br\u00f6stcancer. F\u00f6rhoppningen \u00e4r&hellip;\n","protected":false},"author":2,"featured_media":132939,"comment_status":"","ping_status":"","sticky":false,"template":"","format":"standard","meta":{"footnotes":""},"categories":[69],"tags":[113,112,34,31,33,32,30],"class_list":{"0":"post-132938","1":"post","2":"type-post","3":"status-publish","4":"format-standard","5":"has-post-thumbnail","7":"category-halsa","8":"tag-halsa","9":"tag-health","10":"tag-se","11":"tag-svenska","12":"tag-sverige","13":"tag-sweden","14":"tag-swedish"},"share_on_mastodon":{"url":"https:\/\/pubeurope.com\/@se\/115881038552426775","error":""},"_links":{"self":[{"href":"https:\/\/www.europesays.com\/se\/wp-json\/wp\/v2\/posts\/132938","targetHints":{"allow":["GET"]}}],"collection":[{"href":"https:\/\/www.europesays.com\/se\/wp-json\/wp\/v2\/posts"}],"about":[{"href":"https:\/\/www.europesays.com\/se\/wp-json\/wp\/v2\/types\/post"}],"author":[{"embeddable":true,"href":"https:\/\/www.europesays.com\/se\/wp-json\/wp\/v2\/users\/2"}],"replies":[{"embeddable":true,"href":"https:\/\/www.europesays.com\/se\/wp-json\/wp\/v2\/comments?post=132938"}],"version-history":[{"count":0,"href":"https:\/\/www.europesays.com\/se\/wp-json\/wp\/v2\/posts\/132938\/revisions"}],"wp:featuredmedia":[{"embeddable":true,"href":"https:\/\/www.europesays.com\/se\/wp-json\/wp\/v2\/media\/132939"}],"wp:attachment":[{"href":"https:\/\/www.europesays.com\/se\/wp-json\/wp\/v2\/media?parent=132938"}],"wp:term":[{"taxonomy":"category","embeddable":true,"href":"https:\/\/www.europesays.com\/se\/wp-json\/wp\/v2\/categories?post=132938"},{"taxonomy":"post_tag","embeddable":true,"href":"https:\/\/www.europesays.com\/se\/wp-json\/wp\/v2\/tags?post=132938"}],"curies":[{"name":"wp","href":"https:\/\/api.w.org\/{rel}","templated":true}]}}