{"id":132951,"date":"2026-01-12T08:06:10","date_gmt":"2026-01-12T08:06:10","guid":{"rendered":"https:\/\/www.europesays.com\/se\/132951\/"},"modified":"2026-01-12T08:06:10","modified_gmt":"2026-01-12T08:06:10","slug":"tusentals-turister-fast-i-finlandska-lappland","status":"publish","type":"post","link":"https:\/\/www.europesays.com\/se\/132951\/","title":{"rendered":"Tusentals turister fast i finl\u00e4ndska Lappland"},"content":{"rendered":"<p class=\"sc-c25743f0-0 sc-e37c0145-2 hObFds DQgPn\">Mycket kalla temperaturer har lett till att m\u00e4ngder av flygningar fr\u00e5n Kittil\u00e4, som ligger n\u00e4ra den stora skidorten Levi, st\u00e4llts in under hela helgen.<\/p>\n<p class=\"sc-c25743f0-0 sc-e37c0145-2 hObFds DQgPn\">P\u00e5 m\u00e5ndagen v\u00e4ntas temperaturen enligt Yle sjunka till 40 minusgrader, f\u00f6r att d\u00e4refter sakta v\u00e4nda upp\u00e5t.<\/p>\n<p class=\"sc-c25743f0-0 sc-e37c0145-2 hObFds DQgPn\">\u00c4ven i norra Sverige finns det risk f\u00f6r lamsl\u00e5ende kyla. SMHI har p\u00e5 m\u00e5ndagen utf\u00e4rdat en gul varning i Norrlandsfj\u00e4llen med risk f\u00f6r stark kyleffekt med stor risk f\u00f6r f\u00f6rfrysning och nedkylning.<\/p>\n<p class=\"sc-c25743f0-0 sc-e37c0145-2 hObFds DQgPn\">Flygplan kan normalt flyga \u00e4ven i l\u00e5ga temperaturer, men extrem kyla kan bland annat skapa problem med isbildning.<\/p>\n<p><img decoding=\"async\" loading=\"lazy\" src=\"https:\/\/www.europesays.com\/se\/wp-content\/uploads\/2026\/01\/1768205170_399_.jpeg\" class=\"sc-ecf79092-4 zsqbd\"\/><\/p>\n<p class=\"sc-c25743f0-0 gMtMnA\">Temperaturerna \u00e4r mycket l\u00e5ga i finska Lappland. Bild fr\u00e5n fredagen.<\/p>\n<p><img decoding=\"async\" itemprop=\"contentUrl\" loading=\"lazy\" src=\"https:\/\/www.europesays.com\/se\/wp-content\/uploads\/2026\/01\/1768205170_399_.jpeg\" alt=\"\" class=\"sc-6521091-0 bNsjRS\"\/>Temperaturerna \u00e4r mycket l\u00e5ga i finska Lappland. Bild fr\u00e5n fredagen.<\/p>\n<p class=\"sc-c25743f0-0 sc-4a1f9703-0 GnxaU hgdzHk\">Foto: Satu Renko via AP\/TT<\/p>\n","protected":false},"excerpt":{"rendered":"Mycket kalla temperaturer har lett till att m\u00e4ngder av flygningar fr\u00e5n Kittil\u00e4, som ligger n\u00e4ra den stora skidorten&hellip;\n","protected":false},"author":2,"featured_media":77179,"comment_status":"","ping_status":"","sticky":false,"template":"","format":"standard","meta":{"footnotes":""},"categories":[12],"tags":[22,23,26,27,17,21,24,25,28,29,15,16,18,34,31,33,32,30,19,20],"class_list":{"0":"post-132951","1":"post","2":"type-post","3":"status-publish","4":"format-standard","5":"has-post-thumbnail","7":"category-sverige","8":"tag-breaking-news","9":"tag-breakingnews","10":"tag-featured-news","11":"tag-featurednews","12":"tag-headlines","13":"tag-huvudnyheter","14":"tag-latest-news","15":"tag-latestnews","16":"tag-main-news","17":"tag-mainnews","18":"tag-news","19":"tag-nyheter","20":"tag-rubriker","21":"tag-se","22":"tag-svenska","23":"tag-sverige","24":"tag-sweden","25":"tag-swedish","26":"tag-top-stories","27":"tag-topstories"},"share_on_mastodon":{"url":"https:\/\/pubeurope.com\/@se\/115881101438361286","error":""},"_links":{"self":[{"href":"https:\/\/www.europesays.com\/se\/wp-json\/wp\/v2\/posts\/132951","targetHints":{"allow":["GET"]}}],"collection":[{"href":"https:\/\/www.europesays.com\/se\/wp-json\/wp\/v2\/posts"}],"about":[{"href":"https:\/\/www.europesays.com\/se\/wp-json\/wp\/v2\/types\/post"}],"author":[{"embeddable":true,"href":"https:\/\/www.europesays.com\/se\/wp-json\/wp\/v2\/users\/2"}],"replies":[{"embeddable":true,"href":"https:\/\/www.europesays.com\/se\/wp-json\/wp\/v2\/comments?post=132951"}],"version-history":[{"count":0,"href":"https:\/\/www.europesays.com\/se\/wp-json\/wp\/v2\/posts\/132951\/revisions"}],"wp:featuredmedia":[{"embeddable":true,"href":"https:\/\/www.europesays.com\/se\/wp-json\/wp\/v2\/media\/77179"}],"wp:attachment":[{"href":"https:\/\/www.europesays.com\/se\/wp-json\/wp\/v2\/media?parent=132951"}],"wp:term":[{"taxonomy":"category","embeddable":true,"href":"https:\/\/www.europesays.com\/se\/wp-json\/wp\/v2\/categories?post=132951"},{"taxonomy":"post_tag","embeddable":true,"href":"https:\/\/www.europesays.com\/se\/wp-json\/wp\/v2\/tags?post=132951"}],"curies":[{"name":"wp","href":"https:\/\/api.w.org\/{rel}","templated":true}]}}