{"id":132954,"date":"2026-01-12T08:08:06","date_gmt":"2026-01-12T08:08:06","guid":{"rendered":"https:\/\/www.europesays.com\/se\/132954\/"},"modified":"2026-01-12T08:08:06","modified_gmt":"2026-01-12T08:08:06","slug":"nu-blir-hpv-vaccinet-gratis-for-alla-mellan-18-och-26-ar-vgrfokus","status":"publish","type":"post","link":"https:\/\/www.europesays.com\/se\/132954\/","title":{"rendered":"Nu\u00a0blir HPV-vaccinet\u00a0gratis f\u00f6r alla\u00a0mellan 18 och 26 \u00e5r\u00a0 &#8211; VGRfokus"},"content":{"rendered":"<p>Fr\u00e5n januari kan alla som \u00e4r mellan 18 och 26 \u00e5r vaccinera sig mot HPV utan kostnad. Erbjudandet g\u00e4ller personer som \u00e4r folkbokf\u00f6rda i V\u00e4stra G\u00f6taland och som inte tidigare vaccinerat sig mot HPV. <\/p>\n<p><b>Humant papillomvirus (HPV)\u00a0\u00e4r ett sexuellt \u00f6verf\u00f6rbart virus som\u00a0kan orsaka cancer hos b\u00e5de m\u00e4n och kvinnor. Att vaccinera sig ger ett\u00a0bra\u00a0skydd mot de vanligaste cancerformerna. Nu blir vaccinet\u00a0gratis f\u00f6r alla mellan 18 och 26 \u00e5r.<\/b>\u00a0<\/p>\n<p><b>\u2013\u00a0Har du inte vaccinerat dig tidigare \u2013 ta chansen och g\u00f6r det nu, s\u00e4ger Hedda Haugen Cange, ledamot i kvalitetsregistret f\u00f6r huvud- och halscancer och cancerl\u00e4kare p\u00e5 Sahlgrenska Universitetssjukhuset.<\/b>\u00a0<\/p>\n<p>Fr\u00e5n januari kan alla som \u00e4r mellan 18 och 26 \u00e5r vaccinera sig mot HPV utan kostnad. Erbjudandet g\u00e4ller\u00a0personer\u00a0som\u00a0\u00e4r folkbokf\u00f6rda i V\u00e4stra G\u00f6taland och\u00a0som\u00a0inte tidigare vaccinerat sig\u00a0mot HPV.\u00a0<\/p>\n<p>Syftet med satsningen\u00a0\u00e4r\u00a0att erbjuda m\u00f6jlighet till skydd mot HPV-orsakad cancer f\u00f6r de som inte vaccinerats i skolan, d\u00e4r HPV-vaccination i \u00e5rskurs 5 startade 2010 f\u00f6r flickor och 2020 f\u00f6r pojkar.\u00a0\u00a0<\/p>\n<p>HPV kan orsaka flera cancerformer\u00a0\u2013 \u00e4ven hos m\u00e4n\u00a0<\/p>\n<p>M\u00e5nga vet vid det h\u00e4r laget att HPV kan orsaka livmoderhalscancer och flera insatser har gjorts\u00a0de senaste \u00e5ren\u00a0med kvinnor som m\u00e5lgrupp, b\u00e5de nationellt och regionalt. Men HPV kan \u00e4ven orsaka andra cancerformer som cancer i\u00a0penis,\u00a0\u00e4ndtarm\u00a0och svalg.\u00a0F\u00f6rekomsten av flera av dessa cancerformer \u00f6kar.\u00a0D\u00e4rf\u00f6r \u00e4r det viktigt f\u00f6r b\u00e5de m\u00e4n och kvinnor att vaccinera sig.\u00a0D\u00e5 skyddar man b\u00e5de sig sj\u00e4lv fr\u00e5n att bli smittad, och andra genom att inte f\u00f6ra smittan vidare.\u00a0<\/p>\n<p><img loading=\"lazy\" decoding=\"async\" class=\"wp-image-20970\" src=\"https:\/\/www.europesays.com\/se\/wp-content\/uploads\/2026\/01\/DSC5705-150x150.jpg\" alt=\"En portr\u00e4ttbild p\u00e5 en kvinna i v\u00e5rdkl\u00e4der.\" width=\"900\" height=\"600\"  \/>Hedda Haugen Cange, ledamot i kvalitetsregistret f\u00f6r huvud- och halscancer och cancerl\u00e4kare p\u00e5 Sahlgrenska Universitetssjukhuset.<\/p>\n<p>\u2013 Killar i den h\u00e4r \u00e5ldersgruppen har inte vaccinerats i skolan. F\u00f6r dem \u00e4r det extra viktigt att ta sprutan, b\u00e5de f\u00f6r att skydda sig sj\u00e4lva mot sjukdom och f\u00f6r att bidra till \u00f6kad immunitet p\u00e5 gruppniv\u00e5, s\u00e4ger Hedda Haugen Cange.\u00a0<\/p>\n<p>Vaccinet som ges heter Gardasil 9. Det skyddar mot nio typer av HPV-virus, inklusive de som har st\u00f6rst risk att utvecklas till cancer. Vaccinet\u00a0anv\u00e4nds v\u00e4rlden \u00f6ver\u00a0och har inga k\u00e4nda allvarliga biverkningar.\u00a0<\/p>\n<p>Boka tid via webben\u00a0<\/p>\n<p>Vaccination ges till en b\u00f6rjan p\u00e5 s\u00e4rskilda vaccinationskliniker och kommer senare under v\u00e5ren att erbjudas hos fler verksamheter, till exempel barnmorskemottagningar, ungdomsmottagningar och infektionskliniker. F\u00f6r de allra flesta r\u00e4cker tv\u00e5 doser med 6\u201312 m\u00e5naders mellanrum, men vissa riskgrupper med nedsatt immunf\u00f6rsvar beh\u00f6ver tre doser enligt ett s\u00e4rskilt vaccinationsschema som l\u00e4ggs av behandlande l\u00e4kare. \u00a0<\/p>\n<p>Tidbokningen \u00e4r \u00f6ppen och det enklaste \u00e4r att boka genom webben p\u00e5 sidan: <a href=\"https:\/\/www.vgregion.se\/ov\/hitta-vaccinationstider-vgr\/\" rel=\"nofollow noopener\" target=\"_blank\">H\u00e4r kan du hitta lediga vaccinationstider \u2013 V\u00e4stra G\u00f6talandsregionen<\/a>.\u00a0<\/p>\n<p>\u2013 Det finns lediga tider p\u00e5 ett flertal platser i hela V\u00e4stra G\u00f6taland, s\u00e4ger Anna Hedman, regional vaccinationssamordnare i VGR. Senare under v\u00e5ren tillkommer fler vaccinerande verksamheter.\u00a0<\/p>\n<p>Under januari och februari\u00a0rullar en kampanj i olika sociala mediekanaler f\u00f6r att n\u00e5 unga med information om varf\u00f6r det \u00e4r viktigt att vaccinera sig mot HPV.\u00a0<\/p>\n<p><strong>Text: Cecilia Berg Backstr\u00f6m<\/strong><br \/><b>E-post:\u202f<\/b><a href=\"https:\/\/vgrfokus.se\/2026\/01\/nu-blir-hpv-vaccinet-gratis-for-alla-mellan-18-och-26-ar\/mailto:vgrfokus@vgregion.se\" rel=\"nofollow noopener\" target=\"_blank\"><b>vgrfokus@vgregion.se<\/b><\/a><br \/><a href=\"https:\/\/vgrfokus.se\/om-vgrfokus\/\" rel=\"nofollow noopener\" target=\"_blank\"><b>Om allm\u00e4nna handlingar \u2013 t\u00e4nk p\u00e5 detta n\u00e4r du kontaktar VGRfokus<\/b><\/a>\u00a0<\/p>\n<p>HPV-vaccination\u00a0<\/p>\n<ul>\n<li>Vaccination \u00e4r gratis f\u00f6r alla mellan 18 och 26 \u00e5r, oavsett k\u00f6n, och som \u00e4r folkbokf\u00f6rda i V\u00e4stra G\u00f6taland.\u00a0Erbjudandet g\u00e4ller personer som inte tidigare vaccinerat sig\u00a0mot HPV.\u00a0\u00a0<\/li>\n<li>Erbjudandet g\u00e4ller p\u00e5b\u00f6rjad vaccination\u202ffr\u00e5n det \u00e5r man fyller 18 till\u202foch med\u202fdagen innan man fyller 27. Har man p\u00e5b\u00f6rjat vaccinationen och d\u00e4refter fyllt 27 \u00e5r f\u00e5r man slutf\u00f6ra den.<\/li>\n<li>HPV \u00e4r ett sexuellt \u00f6verf\u00f6rbart virus som kan orsaka cancer till exempel i penis, livmoderhals, \u00e4ndtarm och svalg.\u00a0<\/li>\n<li>Vaccinet som ges heter Gardasil 9 och skyddar mot de nio vanligaste HPV-typerna.<\/li>\n<li>Gardasil 9 \u00e4r v\u00e4l bepr\u00f6vat och anv\u00e4nds v\u00e4rlden \u00f6ver. Det ges som en spruta i armen och har inga k\u00e4nda allvarliga biverkningar.\u00a0<\/li>\n<li>Risken f\u00f6r HPV-orsakad cancer \u00e4r h\u00f6gre inom vissa grupper. D\u00e4rf\u00f6r \u00e4r det s\u00e4rskilt viktigt att vaccinera sig om man tillh\u00f6r n\u00e5gon av f\u00f6ljande grupper:\u00a0M\u00e4n som har sex med m\u00e4n, transpersoner\u00a0 eller personer som lever med HIV.\u00a0<\/li>\n<\/ul>\n","protected":false},"excerpt":{"rendered":"Fr\u00e5n januari kan alla som \u00e4r mellan 18 och 26 \u00e5r vaccinera sig mot HPV utan kostnad. Erbjudandet&hellip;\n","protected":false},"author":2,"featured_media":132955,"comment_status":"","ping_status":"","sticky":false,"template":"","format":"standard","meta":{"footnotes":""},"categories":[69],"tags":[113,112,34,31,33,32,30],"class_list":{"0":"post-132954","1":"post","2":"type-post","3":"status-publish","4":"format-standard","5":"has-post-thumbnail","7":"category-halsa","8":"tag-halsa","9":"tag-health","10":"tag-se","11":"tag-svenska","12":"tag-sverige","13":"tag-sweden","14":"tag-swedish"},"share_on_mastodon":{"url":"https:\/\/pubeurope.com\/@se\/115881109495993126","error":""},"_links":{"self":[{"href":"https:\/\/www.europesays.com\/se\/wp-json\/wp\/v2\/posts\/132954","targetHints":{"allow":["GET"]}}],"collection":[{"href":"https:\/\/www.europesays.com\/se\/wp-json\/wp\/v2\/posts"}],"about":[{"href":"https:\/\/www.europesays.com\/se\/wp-json\/wp\/v2\/types\/post"}],"author":[{"embeddable":true,"href":"https:\/\/www.europesays.com\/se\/wp-json\/wp\/v2\/users\/2"}],"replies":[{"embeddable":true,"href":"https:\/\/www.europesays.com\/se\/wp-json\/wp\/v2\/comments?post=132954"}],"version-history":[{"count":0,"href":"https:\/\/www.europesays.com\/se\/wp-json\/wp\/v2\/posts\/132954\/revisions"}],"wp:featuredmedia":[{"embeddable":true,"href":"https:\/\/www.europesays.com\/se\/wp-json\/wp\/v2\/media\/132955"}],"wp:attachment":[{"href":"https:\/\/www.europesays.com\/se\/wp-json\/wp\/v2\/media?parent=132954"}],"wp:term":[{"taxonomy":"category","embeddable":true,"href":"https:\/\/www.europesays.com\/se\/wp-json\/wp\/v2\/categories?post=132954"},{"taxonomy":"post_tag","embeddable":true,"href":"https:\/\/www.europesays.com\/se\/wp-json\/wp\/v2\/tags?post=132954"}],"curies":[{"name":"wp","href":"https:\/\/api.w.org\/{rel}","templated":true}]}}