{"id":132962,"date":"2026-01-12T08:14:08","date_gmt":"2026-01-12T08:14:08","guid":{"rendered":"https:\/\/www.europesays.com\/se\/132962\/"},"modified":"2026-01-12T08:14:08","modified_gmt":"2026-01-12T08:14:08","slug":"anna-lindh-utredaren-berattar-oppet-om-utmaningarna-som-polisledare","status":"publish","type":"post","link":"https:\/\/www.europesays.com\/se\/132962\/","title":{"rendered":"Anna Lindh-utredaren ber\u00e4ttar \u00f6ppet om utmaningarna som polisledare"},"content":{"rendered":"<p><a target=\"_blank\" href=\"https:\/\/newsroom.notified.com\/gul-pr\/posts\/pressreleases\/anna-lindh-utredaren-berattar-oppet-om-utmani\" rel=\"nofollow noopener\"><img decoding=\"async\" class=\"image\" src=\"https:\/\/www.europesays.com\/se\/wp-content\/uploads\/2026\/01\/Y5x6I0H9T6CGJha65WDb.webp\" alt=\"Bokomslag: Polisen inifr\u00e5n\"\/><\/a><\/p>\n<p dir=\"ltr\"><strong>Leif Jennekvist blev f\u00f6r m\u00e5nga k\u00e4nd som utredningsledaren efter mordet p\u00e5 utrikesminister Anna Lindh 2003 \u2013 ett uppdrag pr\u00e4glat av stor press och st\u00e4ndiga j\u00e4mf\u00f6relser med den fiaskoartade Palmeutredningen. Nu \u00e4r han aktuell med sj\u00e4lvbiografin Polisen inifr\u00e5n, d\u00e4r han blickar tillbaka p\u00e5 sina 43 \u00e5r inom polisen.<\/strong><\/p>\n<p dir=\"ltr\">\u2013 Jag har skrivit den h\u00e4r boken f\u00f6r att dela med mig av de h\u00e4ndelser jag varit med om, b\u00e5de de stora rikslarmen och de s\u00e5 kallade vardagsbrotten som ofta \u00e4r nog s\u00e5 traumatiska f\u00f6r den som drabbas. Rollen som polischef innebar m\u00e5nga p\u00e5frestningar och utmaningar, inte minst n\u00e4r det g\u00e4llde att leda lagarbetet under extrem press, s\u00e4ger Leif Jennekvist.<\/p>\n<p dir=\"ltr\">Leif Jennekvists karri\u00e4r inom svensk polis sp\u00e4nner \u00f6ver mer \u00e4n fyra decennier. Han har jobbat som spanare och polischef, men mest k\u00e4nd \u00e4r han som den som ledde polisarbetet efter mordet p\u00e5 utrikesminister Anna Lindh 2003. I Polisen inifr\u00e5n skildrar han l\u00e5nga karri\u00e4r, fr\u00e5n tiden som knarkspanare p\u00e5 f\u00e4ltet och jakten p\u00e5 Clark Olofsson till dramatiska h\u00e4ndelser som ub\u00e5tsjakten i Karlskrona och m\u00f6ten med israeliska spioner. Som nytilltr\u00e4dd kriminalchef fick han ansvaret f\u00f6r n\u00e5gra av landets mest uppm\u00e4rksammade fall, d\u00e4ribland Stureplansmorden, kidnappningen av miljon\u00e4rssonen Erik Westerberg och den spektakul\u00e4ra kuppen mot Nationalmuseum.<\/p>\n<p dir=\"ltr\">Leif Jennekvist ger ocks\u00e5 en s\u00e4llsynt inblick i hur det k\u00e4nns n\u00e4r yrkesrollen blir personlig. Han ber\u00e4ttar \u00f6ppet om chocken att m\u00f6tas av l\u00f6psedlar om hotande f\u00e4ngelsestraff och obehaget n\u00e4r journalister klev \u00f6ver gr\u00e4nsen och sm\u00f6g i hans tr\u00e4dg\u00e5rd. Jennekvist reflekterar \u00f6ver hur medias fokus p\u00e5 enskilda individer ofta krockar med polisens faktiska lagarbete, och hur han tvingats utveckla en motst\u00e5ndskraft mot p\u00e5hopp och falsarier.<\/p>\n<p dir=\"ltr\">Det var m\u00e5nga undringar kring hur polisarbetet bedrevs och om det fanns n\u00e5gra mer konkreta misstankar mot n\u00e5gon person, om vi hade gjort n\u00e5gra fler fynd och om rikslarmet. N\u00e4r fr\u00e5gorna riktades mot n\u00e5gon annan av oss b\u00f6rjade jag reflektera \u00f6ver vad som h\u00e4nde. Allt k\u00e4ndes s\u00e5 overkligt. Palmeutredningen gjorde sig p\u00e5mind. T\u00e4nk om vi inte lyckas. Tvivlen for genom kroppen. Jag b\u00f6rjade d\u00e5 f\u00f6r f\u00f6rsta g\u00e5ngen inse vidden av den uppgift vi hade framf\u00f6r oss.<br \/>\u2013 ur boken om Anna Lindh-utredningen.<\/p>\n<p dir=\"ltr\"><strong>Leif Jennekvist<\/strong> \u00e4r f\u00f6re detta polischef och f\u00f6rfattare. Polisen inifr\u00e5n \u2013 Mina fyra decennier som spanare, utredare och chef bygger p\u00e5 anteckningar, f\u00f6runders\u00f6kningsprotokoll, domar och samtal med kollegor, men fr\u00e4mst f\u00f6rfattarens egna minnen.<\/p>\n<p dir=\"ltr\"><strong>Polisen inifr\u00e5n sl\u00e4pps den 15 januari och ges ut av Lind &amp; Co.<\/strong><\/p>\n<p><a target=\"_blank\" class=\"btn btn-green me-2 mt-1\" href=\"https:\/\/newsroom.notified.com\/gul-pr\/posts\/pressreleases\/anna-lindh-utredaren-berattar-oppet-om-utmani\" rel=\"nofollow noopener\">Read post on Gul PR newsroom<\/a><a target=\"_blank\" class=\"btn btn-green mt-1\" href=\"https:\/\/newsroom.notified.com\/gul-pr\" rel=\"nofollow noopener\">Visit Gul PR newsroom<\/a><\/p>\n","protected":false},"excerpt":{"rendered":"Leif Jennekvist blev f\u00f6r m\u00e5nga k\u00e4nd som utredningsledaren efter mordet p\u00e5 utrikesminister Anna Lindh 2003 \u2013 ett uppdrag&hellip;\n","protected":false},"author":2,"featured_media":132963,"comment_status":"","ping_status":"","sticky":false,"template":"","format":"standard","meta":{"footnotes":""},"categories":[12],"tags":[22,23,26,27,17,21,24,25,28,29,15,16,18,34,31,33,32,30,19,20],"class_list":{"0":"post-132962","1":"post","2":"type-post","3":"status-publish","4":"format-standard","5":"has-post-thumbnail","7":"category-sverige","8":"tag-breaking-news","9":"tag-breakingnews","10":"tag-featured-news","11":"tag-featurednews","12":"tag-headlines","13":"tag-huvudnyheter","14":"tag-latest-news","15":"tag-latestnews","16":"tag-main-news","17":"tag-mainnews","18":"tag-news","19":"tag-nyheter","20":"tag-rubriker","21":"tag-se","22":"tag-svenska","23":"tag-sverige","24":"tag-sweden","25":"tag-swedish","26":"tag-top-stories","27":"tag-topstories"},"share_on_mastodon":{"url":"https:\/\/pubeurope.com\/@se\/115881132903290066","error":""},"_links":{"self":[{"href":"https:\/\/www.europesays.com\/se\/wp-json\/wp\/v2\/posts\/132962","targetHints":{"allow":["GET"]}}],"collection":[{"href":"https:\/\/www.europesays.com\/se\/wp-json\/wp\/v2\/posts"}],"about":[{"href":"https:\/\/www.europesays.com\/se\/wp-json\/wp\/v2\/types\/post"}],"author":[{"embeddable":true,"href":"https:\/\/www.europesays.com\/se\/wp-json\/wp\/v2\/users\/2"}],"replies":[{"embeddable":true,"href":"https:\/\/www.europesays.com\/se\/wp-json\/wp\/v2\/comments?post=132962"}],"version-history":[{"count":0,"href":"https:\/\/www.europesays.com\/se\/wp-json\/wp\/v2\/posts\/132962\/revisions"}],"wp:featuredmedia":[{"embeddable":true,"href":"https:\/\/www.europesays.com\/se\/wp-json\/wp\/v2\/media\/132963"}],"wp:attachment":[{"href":"https:\/\/www.europesays.com\/se\/wp-json\/wp\/v2\/media?parent=132962"}],"wp:term":[{"taxonomy":"category","embeddable":true,"href":"https:\/\/www.europesays.com\/se\/wp-json\/wp\/v2\/categories?post=132962"},{"taxonomy":"post_tag","embeddable":true,"href":"https:\/\/www.europesays.com\/se\/wp-json\/wp\/v2\/tags?post=132962"}],"curies":[{"name":"wp","href":"https:\/\/api.w.org\/{rel}","templated":true}]}}