{"id":132968,"date":"2026-01-12T08:22:07","date_gmt":"2026-01-12T08:22:07","guid":{"rendered":"https:\/\/www.europesays.com\/se\/132968\/"},"modified":"2026-01-12T08:22:07","modified_gmt":"2026-01-12T08:22:07","slug":"nya-atgarder-i-restaureringsstodet-sok-ersattning-for-branning-och-hamling","status":"publish","type":"post","link":"https:\/\/www.europesays.com\/se\/132968\/","title":{"rendered":"Nya \u00e5tg\u00e4rder i restaureringsst\u00f6det \u2013 s\u00f6k ers\u00e4ttning f\u00f6r br\u00e4nning och hamling"},"content":{"rendered":"<p class=\"normal\">Under 2025 gick det f\u00f6r f\u00f6rsta g\u00e5ngen p\u00e5 flera \u00e5r att s\u00f6ka restaureringsst\u00f6d i Halland. St\u00f6det har gjort det m\u00f6jligt att f\u00e5 ers\u00e4ttning f\u00f6r att restaurera igenvuxna betesmarker och sl\u00e5tter\u00e4ngar samt f\u00f6r att restaureringshamla tidigare hamlade, men f\u00f6rvuxna tr\u00e4d.<\/p>\n<p>Nya \u00e5tg\u00e4rder som ing\u00e5r<\/p>\n<p class=\"normal\">Fr\u00e5n och med 2026 kan du \u00e4ven s\u00f6ka ers\u00e4ttning f\u00f6r:<\/p>\n<ul class=\" env-text-list normal\">\n<li>br\u00e4nning av gr\u00e4smarker och ljunghedar<\/li>\n<li>nyhamling av unga tr\u00e4d<\/li>\n<li>regelbunden hamling av tr\u00e4d som redan sk\u00f6ts kontinuerligt.<\/li>\n<\/ul>\n<p class=\"normal\">Budgeten f\u00f6r st\u00f6det \u00e4r fortsatt begr\u00e4nsad. Det inneb\u00e4r att L\u00e4nsstyrelsen beh\u00f6ver prioritera mellan de ans\u00f6kningar som kommer in. Du kan s\u00f6ka ers\u00e4ttningen mellan 10 januari och 30 april 2026.<\/p>\n<p class=\"sv-font-brodtext-med-bla-lankning\"><a href=\"https:\/\/www.lansstyrelsen.se\/halland\/natur-och-landsbygd\/stod-till-naturvard\/ersattning-for-slatter--och-betesmark-och-hamlade-trad.html\" rel=\"nofollow noopener\" target=\"_blank\">Mer information om st\u00f6det och hur du s\u00f6ker ers\u00e4ttning f\u00f6r sl\u00e5tter- och betesmark och hamlade tr\u00e4d<\/a><\/p>\n","protected":false},"excerpt":{"rendered":"Under 2025 gick det f\u00f6r f\u00f6rsta g\u00e5ngen p\u00e5 flera \u00e5r att s\u00f6ka restaureringsst\u00f6d i Halland. St\u00f6det har gjort&hellip;\n","protected":false},"author":2,"featured_media":132969,"comment_status":"","ping_status":"","sticky":false,"template":"","format":"standard","meta":{"footnotes":""},"categories":[12],"tags":[22,23,26,27,17,21,24,25,28,29,15,16,18,34,31,33,32,30,19,20],"class_list":{"0":"post-132968","1":"post","2":"type-post","3":"status-publish","4":"format-standard","5":"has-post-thumbnail","7":"category-sverige","8":"tag-breaking-news","9":"tag-breakingnews","10":"tag-featured-news","11":"tag-featurednews","12":"tag-headlines","13":"tag-huvudnyheter","14":"tag-latest-news","15":"tag-latestnews","16":"tag-main-news","17":"tag-mainnews","18":"tag-news","19":"tag-nyheter","20":"tag-rubriker","21":"tag-se","22":"tag-svenska","23":"tag-sverige","24":"tag-sweden","25":"tag-swedish","26":"tag-top-stories","27":"tag-topstories"},"share_on_mastodon":{"url":"https:\/\/pubeurope.com\/@se\/115881164424042720","error":""},"_links":{"self":[{"href":"https:\/\/www.europesays.com\/se\/wp-json\/wp\/v2\/posts\/132968","targetHints":{"allow":["GET"]}}],"collection":[{"href":"https:\/\/www.europesays.com\/se\/wp-json\/wp\/v2\/posts"}],"about":[{"href":"https:\/\/www.europesays.com\/se\/wp-json\/wp\/v2\/types\/post"}],"author":[{"embeddable":true,"href":"https:\/\/www.europesays.com\/se\/wp-json\/wp\/v2\/users\/2"}],"replies":[{"embeddable":true,"href":"https:\/\/www.europesays.com\/se\/wp-json\/wp\/v2\/comments?post=132968"}],"version-history":[{"count":0,"href":"https:\/\/www.europesays.com\/se\/wp-json\/wp\/v2\/posts\/132968\/revisions"}],"wp:featuredmedia":[{"embeddable":true,"href":"https:\/\/www.europesays.com\/se\/wp-json\/wp\/v2\/media\/132969"}],"wp:attachment":[{"href":"https:\/\/www.europesays.com\/se\/wp-json\/wp\/v2\/media?parent=132968"}],"wp:term":[{"taxonomy":"category","embeddable":true,"href":"https:\/\/www.europesays.com\/se\/wp-json\/wp\/v2\/categories?post=132968"},{"taxonomy":"post_tag","embeddable":true,"href":"https:\/\/www.europesays.com\/se\/wp-json\/wp\/v2\/tags?post=132968"}],"curies":[{"name":"wp","href":"https:\/\/api.w.org\/{rel}","templated":true}]}}