{"id":132970,"date":"2026-01-12T08:23:12","date_gmt":"2026-01-12T08:23:12","guid":{"rendered":"https:\/\/www.europesays.com\/se\/132970\/"},"modified":"2026-01-12T08:23:12","modified_gmt":"2026-01-12T08:23:12","slug":"stellan-skarsgard-vann-historisk-golden-globe","status":"publish","type":"post","link":"https:\/\/www.europesays.com\/se\/132970\/","title":{"rendered":"Stellan Skarsg\u00e5rd vann historisk Golden Globe"},"content":{"rendered":"<p>Nattens Golden Globe-gala \u2013 det n\u00e4st mest prestigefyllda priset i Hollywood \u2013 f\u00f6ll v\u00e4l ut f\u00f6r svenska nominerade. Komposit\u00f6ren Ludwig G\u00f6ransson bel\u00f6nades f\u00f6r filmmusiken till \u201dThe Sinners\u201d. Sk\u00e5despelaren Stellan Skarsg\u00e5rd vann priset f\u00f6r b\u00e4sta manliga biroll i en film f\u00f6r sin gestaltning av regiss\u00f6ren Gustav, som f\u00f6rs\u00f6ker reparera sin relation till de vuxna d\u00f6ttrarna.<\/p>\n<p><strong>I uppkn\u00e4ppt smokingskjorta<\/strong> och med flugan borta gick Stellan Skarsg\u00e5rd upp p\u00e5 scen f\u00f6r att ta emot priset. Han har sedan tidigare en Golden Globe f\u00f6r sin roll i tv-serien Chernobyl, men nu \u00e4r han f\u00f6rsta svensk att ta emot priset f\u00f6r en filmroll. Han konkurrerade bland annat ut Sean Penn, Paul Mescal och Adam Sandler.<\/p>\n<p>\u201dJag var inte beredd p\u00e5 det h\u00e4r, f\u00f6r jag trodde att jag \u00e4r f\u00f6r gammal\u201d, sa han, och b\u00f6rjade med att tacka sin fru Megan Everett Skarsg\u00e5rd, och sina barn.<\/p>\n<p>Han passade sedan p\u00e5 att uppmana alla att se filmen p\u00e5 en biograf.<\/p>\n<p>\u201dFilmer ska ses p\u00e5 bio.\u201d<\/p>\n<p><strong>UR ARKIVET:<\/strong> <a href=\"https:\/\/www.di.se\/nyheter\/jag-forhandlar-ofta-ned-gaget\/\" rel=\"nofollow noopener\" target=\"_blank\">Stellan Skarsg\u00e5rd i stor intervju i Di Weekend: \u201dJag f\u00f6rhandlar ofta ned gaget\u201d<\/a>\u00a0<\/p>\n<p><img loading=\"lazy\" decoding=\"async\" class=\"image__el\" src=\"https:\/\/www.europesays.com\/se\/wp-content\/uploads\/2026\/01\/fddccee9-3b19-470d-8a8e-a631889965cb.jpeg\"   height=\"1080\" width=\"1920\" alt=\"Stellan Skarsg\u00e5rd med hustrun Megan Everett Skarsg\u00e5rd p\u00e5 Golden Globe-galan.\" onerror=\"this.style.visibility='hidden'; this.classList.add('load-error')\"\/>Stellan Skarsg\u00e5rd med hustrun Megan Everett Skarsg\u00e5rd p\u00e5 Golden Globe-galan.Foto: Jordan Strauss<\/p>\n<p><strong>Att Stellan Skarsg\u00e5rd<\/strong> vann en Golden Globe ses allm\u00e4nt som en indikation p\u00e5 att han har en st\u00f6rre chans att ta hem sitt livs f\u00f6rsta Oscar senare i \u00e5r. Ingen manlig svensk sk\u00e5despelare har vunnit en Oscar tidigare. Den som kommit n\u00e4rmast \u00e4r Max von Sydow som nominerades tv\u00e5 g\u00e5nger \u2013 f\u00f6r en huvudroll respektive biroll.\u00a0<\/p>\n<p>N\u00e4r Di Weekend intervjuade Stellan Skarsg\u00e5rd om filmen i h\u00f6stas h\u00f6ll han med kritikerna om att rollgestaltningen \u00e4r bland det b\u00e4sta han har gjort:<\/p>\n<p>\u201dMen det \u00e4r s\u00e5 liten chans att det inte ens \u00e4r v\u00e4rt att t\u00e4nka p\u00e5 det. En Oscar beh\u00f6ver heller inte betyda n\u00e5gonting, det betyder bara att du hade en bra distribut\u00f6r som betalade en rej\u00e4l summa f\u00f6r att du skulle kunna g\u00f6ra Oscarskampanjen. Sedan kan du visst ha gjort n\u00e5got bra, men det kostar \u00e4nd\u00e5 n\u00e5gra miljoner dollar att f\u00e5 en Oscar.\u201d<\/p>\n<p><strong>Dessa ekonomiska muskler<\/strong> finns dock hos \u201dSentimental values\u201d distribut\u00f6r Neon, som \u00e4ven var distribut\u00f6r f\u00f6r bland annat \u201dV\u00e4rldens v\u00e4rsta m\u00e4nniska\u201d och den sydkoreanska filmen \u201dParasit\u201d, som tog hem hela fyra Oscarsstatyetter 2020.<\/p>\n<p>\u201dOm jag vinner kommer jag i alla fall att skrika \u2019YES!\u2019 och tycka att det \u00e4r underbart\u201d, sa Stellan Skarsg\u00e5rd i intervjun.<\/p>\n","protected":false},"excerpt":{"rendered":"Nattens Golden Globe-gala \u2013 det n\u00e4st mest prestigefyllda priset i Hollywood \u2013 f\u00f6ll v\u00e4l ut f\u00f6r svenska nominerade.&hellip;\n","protected":false},"author":2,"featured_media":132971,"comment_status":"","ping_status":"","sticky":false,"template":"","format":"standard","meta":{"footnotes":""},"categories":[5],"tags":[22,23,26,27,17,21,24,25,28,29,15,16,18,34,31,33,32,30,19,20],"class_list":{"0":"post-132970","1":"post","2":"type-post","3":"status-publish","4":"format-standard","5":"has-post-thumbnail","7":"category-rubriker","8":"tag-breaking-news","9":"tag-breakingnews","10":"tag-featured-news","11":"tag-featurednews","12":"tag-headlines","13":"tag-huvudnyheter","14":"tag-latest-news","15":"tag-latestnews","16":"tag-main-news","17":"tag-mainnews","18":"tag-news","19":"tag-nyheter","20":"tag-rubriker","21":"tag-se","22":"tag-svenska","23":"tag-sverige","24":"tag-sweden","25":"tag-swedish","26":"tag-top-stories","27":"tag-topstories"},"share_on_mastodon":{"url":"https:\/\/pubeurope.com\/@se\/115881168369769543","error":""},"_links":{"self":[{"href":"https:\/\/www.europesays.com\/se\/wp-json\/wp\/v2\/posts\/132970","targetHints":{"allow":["GET"]}}],"collection":[{"href":"https:\/\/www.europesays.com\/se\/wp-json\/wp\/v2\/posts"}],"about":[{"href":"https:\/\/www.europesays.com\/se\/wp-json\/wp\/v2\/types\/post"}],"author":[{"embeddable":true,"href":"https:\/\/www.europesays.com\/se\/wp-json\/wp\/v2\/users\/2"}],"replies":[{"embeddable":true,"href":"https:\/\/www.europesays.com\/se\/wp-json\/wp\/v2\/comments?post=132970"}],"version-history":[{"count":0,"href":"https:\/\/www.europesays.com\/se\/wp-json\/wp\/v2\/posts\/132970\/revisions"}],"wp:featuredmedia":[{"embeddable":true,"href":"https:\/\/www.europesays.com\/se\/wp-json\/wp\/v2\/media\/132971"}],"wp:attachment":[{"href":"https:\/\/www.europesays.com\/se\/wp-json\/wp\/v2\/media?parent=132970"}],"wp:term":[{"taxonomy":"category","embeddable":true,"href":"https:\/\/www.europesays.com\/se\/wp-json\/wp\/v2\/categories?post=132970"},{"taxonomy":"post_tag","embeddable":true,"href":"https:\/\/www.europesays.com\/se\/wp-json\/wp\/v2\/tags?post=132970"}],"curies":[{"name":"wp","href":"https:\/\/api.w.org\/{rel}","templated":true}]}}