{"id":132982,"date":"2026-01-12T08:31:07","date_gmt":"2026-01-12T08:31:07","guid":{"rendered":"https:\/\/www.europesays.com\/se\/132982\/"},"modified":"2026-01-12T08:31:07","modified_gmt":"2026-01-12T08:31:07","slug":"johan-fick-uppleva-norrskenet-i-orebro-i-helgen-kandes-magiskt","status":"publish","type":"post","link":"https:\/\/www.europesays.com\/se\/132982\/","title":{"rendered":"Johan fick uppleva norrskenet i \u00d6rebro i helgen: \u201dK\u00e4ndes magiskt\u201d"},"content":{"rendered":"<p>Det var inte Johan Karlssons f\u00f6rsta norrsken, men det var en lika otrolig upplevelse som f\u00f6rsta g\u00e5ngen. Under l\u00f6rdagen drog han ut till Hj\u00e4lmarbaden f\u00f6r att fota norrskenet.<\/p>\n<p>\u2013 Det k\u00e4ndes exalterande att f\u00e5 en notis fr\u00e5n appen Aurora forecast som hojtar till n\u00e4r det finns chans till norrsken, s\u00e4ger han.<\/p>\n<p>Det var mellan strax efter midnatt som han tog med sig sin kompis och \u00e5kte ut.<\/p>\n<p>\u2013 Jag bytte lins p\u00e5 kameran och tog med mig stativet. S\u00e5 t\u00e4nkte vi ut en plats d\u00e4r det kunde vara bra och \u00f6ppet, f\u00e5 hela k\u00e4nslan att f\u00e5 se med blotta \u00f6gat. Det k\u00e4ndes magiskt, s\u00e4ger Johan Karlsson.<\/p>\n","protected":false},"excerpt":{"rendered":"Det var inte Johan Karlssons f\u00f6rsta norrsken, men det var en lika otrolig upplevelse som f\u00f6rsta g\u00e5ngen. Under&hellip;\n","protected":false},"author":2,"featured_media":132983,"comment_status":"","ping_status":"","sticky":false,"template":"","format":"standard","meta":{"footnotes":""},"categories":[5],"tags":[22,23,26,27,17,21,24,25,28,29,15,16,18,34,31,33,32,30,19,20],"class_list":{"0":"post-132982","1":"post","2":"type-post","3":"status-publish","4":"format-standard","5":"has-post-thumbnail","7":"category-rubriker","8":"tag-breaking-news","9":"tag-breakingnews","10":"tag-featured-news","11":"tag-featurednews","12":"tag-headlines","13":"tag-huvudnyheter","14":"tag-latest-news","15":"tag-latestnews","16":"tag-main-news","17":"tag-mainnews","18":"tag-news","19":"tag-nyheter","20":"tag-rubriker","21":"tag-se","22":"tag-svenska","23":"tag-sverige","24":"tag-sweden","25":"tag-swedish","26":"tag-top-stories","27":"tag-topstories"},"share_on_mastodon":{"url":"https:\/\/pubeurope.com\/@se\/115881199687444890","error":""},"_links":{"self":[{"href":"https:\/\/www.europesays.com\/se\/wp-json\/wp\/v2\/posts\/132982","targetHints":{"allow":["GET"]}}],"collection":[{"href":"https:\/\/www.europesays.com\/se\/wp-json\/wp\/v2\/posts"}],"about":[{"href":"https:\/\/www.europesays.com\/se\/wp-json\/wp\/v2\/types\/post"}],"author":[{"embeddable":true,"href":"https:\/\/www.europesays.com\/se\/wp-json\/wp\/v2\/users\/2"}],"replies":[{"embeddable":true,"href":"https:\/\/www.europesays.com\/se\/wp-json\/wp\/v2\/comments?post=132982"}],"version-history":[{"count":0,"href":"https:\/\/www.europesays.com\/se\/wp-json\/wp\/v2\/posts\/132982\/revisions"}],"wp:featuredmedia":[{"embeddable":true,"href":"https:\/\/www.europesays.com\/se\/wp-json\/wp\/v2\/media\/132983"}],"wp:attachment":[{"href":"https:\/\/www.europesays.com\/se\/wp-json\/wp\/v2\/media?parent=132982"}],"wp:term":[{"taxonomy":"category","embeddable":true,"href":"https:\/\/www.europesays.com\/se\/wp-json\/wp\/v2\/categories?post=132982"},{"taxonomy":"post_tag","embeddable":true,"href":"https:\/\/www.europesays.com\/se\/wp-json\/wp\/v2\/tags?post=132982"}],"curies":[{"name":"wp","href":"https:\/\/api.w.org\/{rel}","templated":true}]}}