{"id":132984,"date":"2026-01-12T08:33:08","date_gmt":"2026-01-12T08:33:08","guid":{"rendered":"https:\/\/www.europesays.com\/se\/132984\/"},"modified":"2026-01-12T08:33:08","modified_gmt":"2026-01-12T08:33:08","slug":"oscar-lawner-lamnar-vasteras-for-karlskoga-hockeyallsvenskan","status":"publish","type":"post","link":"https:\/\/www.europesays.com\/se\/132984\/","title":{"rendered":"Oscar Lawner l\u00e4mnar V\u00e4ster\u00e5s \u2013 f\u00f6r Karlskoga | Hockeyallsvenskan"},"content":{"rendered":"<p>Publicerad 12 jan 2026 kl 07.21Uppdaterad kl 07.34<\/p>\n<p>I slutet av september l\u00e4mnade Oscar Lawner Link\u00f6ping f\u00f6r att lyfta karri\u00e4ren och valde d\u00e5 allsvenskt spel med V\u00e4ster\u00e5s.<\/p>\n<p>Det har burit frukt.<\/p>\n<p>Lawner har gjort en stark s\u00e4song, men nu byter han klubb.<\/p>\n<p>Enligt uppgifter till Expressen \u00e4r Lawner \u00f6verens med BIK Karlskoga.<\/p>\n<p><img   alt=\"\"\/> <\/p>\n<p>Foto: EMMA WALLSKOG \/ BILDBYR\u00c5N<\/p>\n<p>\u00d6ppna bild i helsk\u00e4rm<\/p>\n<p>24-\u00e5rige Oscar Lawner var ett sp\u00e4nnade och intressant nyf\u00f6rv\u00e4rv som gick till Link\u00f6ping fr\u00e5n F\u00e4rjestad 2024.<\/p>\n<p>Men lyftet kom aldrig i LHC-tr\u00f6jan, och i slutet av september br\u00f6t Lawner kontraktet. Ny klubb blev V\u00e4ster\u00e5s, som f\u00e5tt fart p\u00e5 Oscar Lawners karri\u00e4r.<\/p>\n<p>Lawner har gjort 21 po\u00e4ng p\u00e5 32 matcher, och loggar massor av istid varje match.<\/p>\n<p>Han v\u00e4ljer dock att flytta vidare till n\u00e4sta s\u00e4song.<\/p>\n<p>Enligt Expressens k\u00e4llor \u00e4r Lawner \u00f6verens med BIK Karlskoga, rival till V\u00e4ster\u00e5s i hockeyallsvenskan, som just nu ligger p\u00e5 tredje plats i tabellen.<\/p>\n<p><strong>H\u00f6r mer i m\u00e5ndagens avsnitt av Sanny &amp; Svensson:<\/strong><\/p>\n<p><img alt=\"\"\/>Ljudklippet gick inte att spela upp<\/p>\n<p>F\u00f6rs\u00f6k igen senare<\/p>\n","protected":false},"excerpt":{"rendered":"Publicerad 12 jan 2026 kl 07.21Uppdaterad kl 07.34 I slutet av september l\u00e4mnade Oscar Lawner Link\u00f6ping f\u00f6r att&hellip;\n","protected":false},"author":2,"featured_media":132985,"comment_status":"","ping_status":"","sticky":false,"template":"","format":"standard","meta":{"footnotes":""},"categories":[68],"tags":[3280,641,637,34,130,255,111,110,31,33,32,30],"class_list":{"0":"post-132984","1":"post","2":"type-post","3":"status-publish","4":"format-standard","5":"has-post-thumbnail","7":"category-sport","8":"tag-organization-bik-karlskoga","9":"tag-organization-hockeyallsvenskan","10":"tag-organization-vasteras-ik","11":"tag-se","12":"tag-sections-allsvenskan","13":"tag-sections-ishockey","14":"tag-sport","15":"tag-sports","16":"tag-svenska","17":"tag-sverige","18":"tag-sweden","19":"tag-swedish"},"share_on_mastodon":{"url":"https:\/\/pubeurope.com\/@se\/115881208025056909","error":""},"_links":{"self":[{"href":"https:\/\/www.europesays.com\/se\/wp-json\/wp\/v2\/posts\/132984","targetHints":{"allow":["GET"]}}],"collection":[{"href":"https:\/\/www.europesays.com\/se\/wp-json\/wp\/v2\/posts"}],"about":[{"href":"https:\/\/www.europesays.com\/se\/wp-json\/wp\/v2\/types\/post"}],"author":[{"embeddable":true,"href":"https:\/\/www.europesays.com\/se\/wp-json\/wp\/v2\/users\/2"}],"replies":[{"embeddable":true,"href":"https:\/\/www.europesays.com\/se\/wp-json\/wp\/v2\/comments?post=132984"}],"version-history":[{"count":0,"href":"https:\/\/www.europesays.com\/se\/wp-json\/wp\/v2\/posts\/132984\/revisions"}],"wp:featuredmedia":[{"embeddable":true,"href":"https:\/\/www.europesays.com\/se\/wp-json\/wp\/v2\/media\/132985"}],"wp:attachment":[{"href":"https:\/\/www.europesays.com\/se\/wp-json\/wp\/v2\/media?parent=132984"}],"wp:term":[{"taxonomy":"category","embeddable":true,"href":"https:\/\/www.europesays.com\/se\/wp-json\/wp\/v2\/categories?post=132984"},{"taxonomy":"post_tag","embeddable":true,"href":"https:\/\/www.europesays.com\/se\/wp-json\/wp\/v2\/tags?post=132984"}],"curies":[{"name":"wp","href":"https:\/\/api.w.org\/{rel}","templated":true}]}}