{"id":132988,"date":"2026-01-12T08:35:07","date_gmt":"2026-01-12T08:35:07","guid":{"rendered":"https:\/\/www.europesays.com\/se\/132988\/"},"modified":"2026-01-12T08:35:07","modified_gmt":"2026-01-12T08:35:07","slug":"hoganas-kakel-presenterar-2026-ars-kakeltrender","status":"publish","type":"post","link":"https:\/\/www.europesays.com\/se\/132988\/","title":{"rendered":"H\u00f6gan\u00e4s Kakel presenterar 2026 \u00e5rs kakeltrender"},"content":{"rendered":"<p class=\"p1\"><strong>\u00c5r 2026 handlar om balans \u2013 mellan natur och design, mellan det lugna och det uttrycksfulla. De jordn\u00e4ra tonerna forts\u00e4tter dominera, men nu med lekfulla f\u00e4rginslag som ger interi\u00f6ren liv och personlighet. Beige, brun, terrakotta och varm off-white st\u00e5r som trygga baser i s\u00e5v\u00e4l k\u00f6k som badrum och offentliga milj\u00f6er. Tillsammans med subtila accentf\u00e4rger skapas en varm, modern och inbjudande k\u00e4nsla.<\/strong><\/p>\n<p class=\"p1\">Flera av kollektionerna f\u00f6r 2026 samlas under temat naturstensinspirerade och mineraliska ytor \u2013 plattor som efterliknar skiffer, kalksten, betong eller marmor, ofta i storformat. Med subtila f\u00e4rgskiftningar och taktil struktur skapas harmoniska, tidl\u00f6sa ytor som ger rummet v\u00e4rme, karakt\u00e4r och en naturlig grund att bygga vidare p\u00e5.\n<\/p>\n<p class=\"p1\">\u2013 Vi m\u00e4rker att v\u00e5ra kunder efterfr\u00e5gar en mjukare och naturligare k\u00e4nsla i sina projekt. Jordn\u00e4ra toner som beige, brunt och terrakotta fungerar utm\u00e4rkt som bas och skapar v\u00e4rme och n\u00e4rhet till naturen, s\u00e4ger <strong>Maria Ehnemark, arkitektr\u00e5dgivare p\u00e5 <a href=\"https:\/\/www.hoganaskakel.se\/\" target=\"_blank\" rel=\"noopener nofollow\">H\u00f6gan\u00e4s Kakel.<\/a><\/strong>\n<\/p>\n<p class=\"p1\">Inspirerade av 70-talet ger br\u00e4nda nyanser av ockra, burgundy och karamell livfulla kontraster mot de d\u00e4mpade baserna. Tillsammans med taktila, handgjorda ytor och subtila reliefdekorer skapas rum som k\u00e4nns b\u00e5de tidl\u00f6sa och personliga \u2013 en modern tolkning av nostalgi d\u00e4r bas och accent m\u00f6ts i perfekt harmoni.\n<\/p>\n<p class=\"p1\"><strong>Nya serier fr\u00e5n H\u00f6gan\u00e4s Kakel<\/strong>\n<\/p>\n<p><strong>Amarcord \u2013<\/strong> En nostalgisk kakelserie i sm\u00e5format (5\u00c5~15 cm \/ 2\u201d\u00c5~6\u201d) med glansig yta och f\u00e4rger som Miele, Ambra, Tabacco, Mogano (burgundy), Ottanio och Bosco. Inspirerade av 1930-talets Rimini och Federico Fellinis Amarcord skapar de sm\u00e5 plattorna rytm och m\u00f6jligg\u00f6r kreativa m\u00f6nsterl\u00e4ggningar, medan den glaserade V2-ytan ger liv och en handgjord k\u00e4nsla. Serien \u00e4r tillverkad i porcelanato (granitkeramik), vilket g\u00f6r den slitstark och f\u00e4rgbest\u00e4ndig. Dessutom inneh\u00e5ller plattorna 47 % \u00e5tervunnet material.\n<\/p>\n<p class=\"p1\">Perfekt f\u00f6r accentv\u00e4ggar i k\u00f6k, WC eller offentliga milj\u00f6er d\u00e4r man vill kombinera nostalgi, elegans och lekfulla f\u00e4rger i en modern tappning.\n<\/p>\n<p class=\"p1\"><strong>Powercrete \u2013<\/strong> En cementinspirerad klinkerserie med jordn\u00e4ra f\u00e4rger, bland andra Beige, Brown och Light Grey. Den r\u00e5a estetiken och tekniska finishen g\u00f6r den idealisk f\u00f6r moderna badrum, k\u00f6k och offentliga ytor.\n<\/p>\n<p class=\"p1\"><strong>Jurassic \u2013<\/strong> Inspirerad av fossila strukturer och sediment\u00e4ra bergarter. F\u00e4rger som Ivory, Beige och Anthracite ger en naturlig och tidl\u00f6s k\u00e4nsla \u2013 perfekt f\u00f6r spa-liknande milj\u00f6er och harmoniska hem.\n<\/p>\n<p class=\"p1\"><strong>Classica \u2013<\/strong> En sofistikerad marmorinspirerad serie med f\u00e4rger som Carrara, Marfil, Fior di Pesco, Verde Guatemala och Nero Marquinia. Den matta ytan och klassiska \u00e5dringen ger ett lyxigt uttryck i b\u00e5de moderna och traditionella milj\u00f6er.\n<\/p>\n<p class=\"p1\"><strong>Miyako \u2013<\/strong> Kommer i sm\u00e5format, glaserad yta och en bred f\u00e4rgpalett \u2013 fr\u00e5n Oil Blue till Crystal Pink. Miyako passar perfekt in i 2026 \u00e5rs trend med japansk estetik, lekfulla f\u00e4rgdetaljer och taktil design.\n<\/p>\n<p class=\"p1\"><strong>Accentf\u00e4rger m\u00f6ter mjuka kontraster<\/strong>\n<\/p>\n<p class=\"p1\">F\u00e4rgpaletten f\u00f6r 2026 bjuder in till lekfulla detaljer. Orange och ockra lyfts fram som signaturf\u00e4rger och ger energi och liv \u00e5t de jordn\u00e4ra interi\u00f6rerna. Ljusrosa fungerar som en mjuk kontrast \u2013 s\u00e4rskilt i kombination med orange \u2013 och skapar en samtida f\u00e4rgbalans som k\u00e4nns b\u00e5de varm och modern.\n<\/p>\n<p class=\"p1\">\u2013 Att kombinera naturliga basf\u00e4rger med sm\u00e5, starka accenter \u00e4r ett smart s\u00e4tt att f\u00e5 rummet att k\u00e4nnas b\u00e5de varmt och samtida. Det ger personlighet utan att st\u00f6ra harmonin, konstaterar Maria Ehnemark.\n<\/p>\n<p class=\"p1\"><strong>Ytor, struktur och inspiration<\/strong>\n<\/p>\n<p class=\"p1\">Trenderna f\u00f6r 2026 handlar lika mycket om k\u00e4nsla och taktilitet som om f\u00e4rg. P\u00e5 Cersaie, Europas st\u00f6rsta byggkeramikm\u00e4ssa, m\u00e4rktes en tydlig \u00e5terkomst f\u00f6r textur och relief. Keramiken blir mer sinnlig och levande, med subtila m\u00f6nster och tredimensionella dekorer som f\u00e5ngar ljuset p\u00e5 ett mjukt s\u00e4tt.\n<\/p>\n<p class=\"p1\">Det som verkligen sticker ut \u00e4r ytor som k\u00e4nns handgjorda \u2013 slipade, borstade eller med subtila reliefm\u00f6nster. Det skapar djup och karakt\u00e4r, och g\u00f6r att varje v\u00e4gg eller golv f\u00e5r ett unikt uttryck, forts\u00e4tter Maria Ehnemark.\n<\/p>\n<p class=\"p1\">Ytor inspirerade av skiffer och kalksten, som de internationella trenderna Slate och Lightstone, forts\u00e4tter att v\u00e4xa. Det visar hur keramiken allt mer efterliknar naturmaterial, men med f\u00f6rdelarna av h\u00e5llbarhet och enkel sk\u00f6tsel.\n<\/p>\n<p class=\"p1\">Med varma jordtoner som grund och lekfulla f\u00e4rgdetaljer som ockra, rosa, bl\u00e5tt och burgundy blir n\u00e4sta \u00e5rs kakeltrender en hyllning till b\u00e5de hantverk, nostalgi och modern design.\n<\/p>\n<p>&#13;<br \/>\n\t\t\t\t Post Views: 8&#13;\n\t\t\t<\/p>\n","protected":false},"excerpt":{"rendered":"\u00c5r 2026 handlar om balans \u2013 mellan natur och design, mellan det lugna och det uttrycksfulla. De jordn\u00e4ra&hellip;\n","protected":false},"author":2,"featured_media":132989,"comment_status":"","ping_status":"","sticky":false,"template":"","format":"standard","meta":{"footnotes":""},"categories":[66],"tags":[80,78,79,34,31,33,32,30,81,84,83,82],"class_list":{"0":"post-132988","1":"post","2":"type-post","3":"status-publish","4":"format-standard","5":"has-post-thumbnail","7":"category-vetenskap-och-teknik","8":"tag-science","9":"tag-science-and-technology","10":"tag-scienceandtechnology","11":"tag-se","12":"tag-svenska","13":"tag-sverige","14":"tag-sweden","15":"tag-swedish","16":"tag-technology","17":"tag-teknik","18":"tag-vetenskap","19":"tag-vetenskapteknik"},"share_on_mastodon":{"url":"","error":""},"_links":{"self":[{"href":"https:\/\/www.europesays.com\/se\/wp-json\/wp\/v2\/posts\/132988","targetHints":{"allow":["GET"]}}],"collection":[{"href":"https:\/\/www.europesays.com\/se\/wp-json\/wp\/v2\/posts"}],"about":[{"href":"https:\/\/www.europesays.com\/se\/wp-json\/wp\/v2\/types\/post"}],"author":[{"embeddable":true,"href":"https:\/\/www.europesays.com\/se\/wp-json\/wp\/v2\/users\/2"}],"replies":[{"embeddable":true,"href":"https:\/\/www.europesays.com\/se\/wp-json\/wp\/v2\/comments?post=132988"}],"version-history":[{"count":0,"href":"https:\/\/www.europesays.com\/se\/wp-json\/wp\/v2\/posts\/132988\/revisions"}],"wp:featuredmedia":[{"embeddable":true,"href":"https:\/\/www.europesays.com\/se\/wp-json\/wp\/v2\/media\/132989"}],"wp:attachment":[{"href":"https:\/\/www.europesays.com\/se\/wp-json\/wp\/v2\/media?parent=132988"}],"wp:term":[{"taxonomy":"category","embeddable":true,"href":"https:\/\/www.europesays.com\/se\/wp-json\/wp\/v2\/categories?post=132988"},{"taxonomy":"post_tag","embeddable":true,"href":"https:\/\/www.europesays.com\/se\/wp-json\/wp\/v2\/tags?post=132988"}],"curies":[{"name":"wp","href":"https:\/\/api.w.org\/{rel}","templated":true}]}}