{"id":132994,"date":"2026-01-12T08:39:08","date_gmt":"2026-01-12T08:39:08","guid":{"rendered":"https:\/\/www.europesays.com\/se\/132994\/"},"modified":"2026-01-12T08:39:08","modified_gmt":"2026-01-12T08:39:08","slug":"stegra-gor-upp-om-avtal-med-thyssenkrupp","status":"publish","type":"post","link":"https:\/\/www.europesays.com\/se\/132994\/","title":{"rendered":"Stegra g\u00f6r upp om avtal med Thyssenkrupp"},"content":{"rendered":"<p>share-arrowDela<\/p>\n<p>unsaveSpara<\/p>\n<p>expand-left<\/p>\n<p>helsk\u00e4rm<img decoding=\"async\" class=\"image-asset hyperion-css-u06ts1\" data-test-tag=\"image-asset\" src=\"https:\/\/www.europesays.com\/se\/wp-content\/uploads\/2026\/01\/79520916-d056-4d70-ad68-42746bb8b234.jpeg\"  alt=\"Stegra och Thyssenkrupp har ing\u00e5tt ett avtal om st\u00e5lleveranser fr\u00e5n 2027. Arkivbild\"  loading=\"eager\" fetchpriority=\"high\" style=\"aspect-ratio:1900 \/ 1179\"\/>Stegra och Thyssenkrupp har ing\u00e5tt ett avtal om st\u00e5lleveranser fr\u00e5n 2027. Arkivbild Foto: Fredrik Sandberg\/TT<\/p>\n<p class=\"hyperion-css-1shl3oz\" data-test-tag=\"lead-text\">Det finansiellt pressade st\u00e5lbolaget Stegra har gjort upp om ett leveransavtal med den tyska st\u00e5ltillverkaren Thyssenkrupp, skriver Stegra i ett pressmeddelande.<\/p>\n<p class=\"hyperion-css-1v9qo5x\">Totalt handlar det om leveranser p\u00e5 minst 100\u00a0000 ton till bolaget Thyssenkrupp Materials Processing enligt Stegra, som fortfarande jagar finansiering f\u00f6r att f\u00e4rdigst\u00e4lla sin st\u00e5lfabrik i Boden och kritisk infrastruktur f\u00f6r att f\u00e5 i g\u00e5ng produktion och leveranser.<\/p>\n<p class=\"hyperion-css-1v9qo5x\">Leveranserna ska enligt avtalet inledas 2027.<\/p>\n<p class=\"hyperion-css-1v9qo5x\">Stegra (tidigare H2 Green Steel) grundades 2020, med m\u00e5let att med nya fossilfria produktionsmetoder producera vad som kallas \u201dgr\u00f6nt st\u00e5l\u201d. Planen \u00e4r just nu att b\u00f6rja producera 2,5 miljoner ton gr\u00f6nt st\u00e5l per \u00e5r i en nybyggd fabrik i Boden, med start om ett \u00e5r.<\/p>\n<p class=\"hyperion-css-1v9qo5x\">Bolaget har redan dragit in drygt 70 miljarder till sitt projekt \u2013 fr\u00e5n en l\u00e5ng lista \u00e4gare och l\u00e5ngivare. Men enligt ett pressmeddelande fr\u00e5n den 13 oktober i fjol jagar Stegra ytterligare 10 miljarder, bland annat f\u00f6r att t\u00e4cka investeringar i Lule\u00e5 hamn och nya j\u00e4rnv\u00e4gssp\u00e5r p\u00e5 fabriksomr\u00e5det i Boden.<\/p>\n","protected":false},"excerpt":{"rendered":"share-arrowDela unsaveSpara expand-left helsk\u00e4rmStegra och Thyssenkrupp har ing\u00e5tt ett avtal om st\u00e5lleveranser fr\u00e5n 2027. Arkivbild Foto: Fredrik Sandberg\/TT&hellip;\n","protected":false},"author":2,"featured_media":132995,"comment_status":"","ping_status":"","sticky":false,"template":"","format":"standard","meta":{"footnotes":""},"categories":[5],"tags":[22,23,26,27,17,21,24,25,28,29,15,16,18,34,31,33,32,30,19,20],"class_list":{"0":"post-132994","1":"post","2":"type-post","3":"status-publish","4":"format-standard","5":"has-post-thumbnail","7":"category-rubriker","8":"tag-breaking-news","9":"tag-breakingnews","10":"tag-featured-news","11":"tag-featurednews","12":"tag-headlines","13":"tag-huvudnyheter","14":"tag-latest-news","15":"tag-latestnews","16":"tag-main-news","17":"tag-mainnews","18":"tag-news","19":"tag-nyheter","20":"tag-rubriker","21":"tag-se","22":"tag-svenska","23":"tag-sverige","24":"tag-sweden","25":"tag-swedish","26":"tag-top-stories","27":"tag-topstories"},"share_on_mastodon":{"url":"https:\/\/pubeurope.com\/@se\/115881231183523976","error":""},"_links":{"self":[{"href":"https:\/\/www.europesays.com\/se\/wp-json\/wp\/v2\/posts\/132994","targetHints":{"allow":["GET"]}}],"collection":[{"href":"https:\/\/www.europesays.com\/se\/wp-json\/wp\/v2\/posts"}],"about":[{"href":"https:\/\/www.europesays.com\/se\/wp-json\/wp\/v2\/types\/post"}],"author":[{"embeddable":true,"href":"https:\/\/www.europesays.com\/se\/wp-json\/wp\/v2\/users\/2"}],"replies":[{"embeddable":true,"href":"https:\/\/www.europesays.com\/se\/wp-json\/wp\/v2\/comments?post=132994"}],"version-history":[{"count":0,"href":"https:\/\/www.europesays.com\/se\/wp-json\/wp\/v2\/posts\/132994\/revisions"}],"wp:featuredmedia":[{"embeddable":true,"href":"https:\/\/www.europesays.com\/se\/wp-json\/wp\/v2\/media\/132995"}],"wp:attachment":[{"href":"https:\/\/www.europesays.com\/se\/wp-json\/wp\/v2\/media?parent=132994"}],"wp:term":[{"taxonomy":"category","embeddable":true,"href":"https:\/\/www.europesays.com\/se\/wp-json\/wp\/v2\/categories?post=132994"},{"taxonomy":"post_tag","embeddable":true,"href":"https:\/\/www.europesays.com\/se\/wp-json\/wp\/v2\/tags?post=132994"}],"curies":[{"name":"wp","href":"https:\/\/api.w.org\/{rel}","templated":true}]}}