{"id":133000,"date":"2026-01-12T08:45:06","date_gmt":"2026-01-12T08:45:06","guid":{"rendered":"https:\/\/www.europesays.com\/se\/133000\/"},"modified":"2026-01-12T08:45:06","modified_gmt":"2026-01-12T08:45:06","slug":"kvinna-botfalls-efter-olycka-pa-e20","status":"publish","type":"post","link":"https:\/\/www.europesays.com\/se\/133000\/","title":{"rendered":"Kvinna b\u00f6tf\u00e4lls efter olycka p\u00e5 E20"},"content":{"rendered":"<p>Enligt r\u00e4ddningstj\u00e4nsten kolliderade tv\u00e5 bilar strax innan klockan 08:00 p\u00e5 m\u00e5ndagsmorgonen. Olyckan intr\u00e4ffade p\u00e5 E20 mellan trafikplats \u00c5rby och trafikplats Marieberg i riktning mot Kungs\u00f6r.<\/p>\n<p>Den ena bilen \u00e5kte in i mittr\u00e4cket men ingen person kom till skada. Enligt Olle \u00c4lveroth, presstalesperson hos Polisen, har en kvinna b\u00f6tf\u00e4llts och delgivits misstanke om att ha orsakat olyckan genom en farlig omk\u00f6rning.<\/p>\n<p>Olyckan skapade under en period totalstopp p\u00e5 motorv\u00e4gen med l\u00e5nga k\u00f6er som f\u00f6ljd.<\/p>\n<p>Runt 09.00 f\u00f6rfl\u00f6t trafiken \u00e5ter som vanligt.<\/p>\n<p>Texten uppdateras.<\/p>\n","protected":false},"excerpt":{"rendered":"Enligt r\u00e4ddningstj\u00e4nsten kolliderade tv\u00e5 bilar strax innan klockan 08:00 p\u00e5 m\u00e5ndagsmorgonen. Olyckan intr\u00e4ffade p\u00e5 E20 mellan trafikplats \u00c5rby&hellip;\n","protected":false},"author":2,"featured_media":63854,"comment_status":"","ping_status":"","sticky":false,"template":"","format":"standard","meta":{"footnotes":""},"categories":[14],"tags":[22,23,26,27,17,21,24,25,28,29,15,16,18,34,31,33,32,30,19,20,51,52,53,54],"class_list":{"0":"post-133000","1":"post","2":"type-post","3":"status-publish","4":"format-standard","5":"has-post-thumbnail","7":"category-varlden","8":"tag-breaking-news","9":"tag-breakingnews","10":"tag-featured-news","11":"tag-featurednews","12":"tag-headlines","13":"tag-huvudnyheter","14":"tag-latest-news","15":"tag-latestnews","16":"tag-main-news","17":"tag-mainnews","18":"tag-news","19":"tag-nyheter","20":"tag-rubriker","21":"tag-se","22":"tag-svenska","23":"tag-sverige","24":"tag-sweden","25":"tag-swedish","26":"tag-top-stories","27":"tag-topstories","28":"tag-varlden","29":"tag-world","30":"tag-world-news","31":"tag-worldnews"},"share_on_mastodon":{"url":"https:\/\/pubeurope.com\/@se\/115881254778427478","error":""},"_links":{"self":[{"href":"https:\/\/www.europesays.com\/se\/wp-json\/wp\/v2\/posts\/133000","targetHints":{"allow":["GET"]}}],"collection":[{"href":"https:\/\/www.europesays.com\/se\/wp-json\/wp\/v2\/posts"}],"about":[{"href":"https:\/\/www.europesays.com\/se\/wp-json\/wp\/v2\/types\/post"}],"author":[{"embeddable":true,"href":"https:\/\/www.europesays.com\/se\/wp-json\/wp\/v2\/users\/2"}],"replies":[{"embeddable":true,"href":"https:\/\/www.europesays.com\/se\/wp-json\/wp\/v2\/comments?post=133000"}],"version-history":[{"count":0,"href":"https:\/\/www.europesays.com\/se\/wp-json\/wp\/v2\/posts\/133000\/revisions"}],"wp:featuredmedia":[{"embeddable":true,"href":"https:\/\/www.europesays.com\/se\/wp-json\/wp\/v2\/media\/63854"}],"wp:attachment":[{"href":"https:\/\/www.europesays.com\/se\/wp-json\/wp\/v2\/media?parent=133000"}],"wp:term":[{"taxonomy":"category","embeddable":true,"href":"https:\/\/www.europesays.com\/se\/wp-json\/wp\/v2\/categories?post=133000"},{"taxonomy":"post_tag","embeddable":true,"href":"https:\/\/www.europesays.com\/se\/wp-json\/wp\/v2\/tags?post=133000"}],"curies":[{"name":"wp","href":"https:\/\/api.w.org\/{rel}","templated":true}]}}