{"id":133001,"date":"2026-01-12T08:46:25","date_gmt":"2026-01-12T08:46:25","guid":{"rendered":"https:\/\/www.europesays.com\/se\/133001\/"},"modified":"2026-01-12T08:46:25","modified_gmt":"2026-01-12T08:46:25","slug":"12-januari-08-01-arbetsplatsolycka-hudiksvall","status":"publish","type":"post","link":"https:\/\/www.europesays.com\/se\/133001\/","title":{"rendered":"12 januari 08.01, Arbetsplatsolycka, Hudiksvall"},"content":{"rendered":"<p>Samtal inkommer om en arbetsplatsolycka i Hudiksvall.<\/p>\n<p>En man har kl\u00e4mt foten illa n\u00e4r han flyttade pallar med truck inne i en lastbil.<\/p>\n<p>Sn\u00f6 och is inne i lastutrymmet misst\u00e4nks ha medf\u00f6rt att mannen halkade i samband med olyckan.<\/p>\n<p>Polispatrullen skriver en anm\u00e4lan om v\u00e5llande till kroppsskada genom arbetsplatsolycka.<\/p>\n<p>Mannen klagade p\u00e5 sm\u00e4rtor i benet och f\u00f6rdes med ambulans till sjukhus.<\/p>\n","protected":false},"excerpt":{"rendered":"Samtal inkommer om en arbetsplatsolycka i Hudiksvall. En man har kl\u00e4mt foten illa n\u00e4r han flyttade pallar med&hellip;\n","protected":false},"author":2,"featured_media":54,"comment_status":"","ping_status":"","sticky":false,"template":"","format":"standard","meta":{"footnotes":""},"categories":[12],"tags":[22,23,26,27,17,21,24,25,28,29,15,16,18,34,31,33,32,30,19,20],"class_list":{"0":"post-133001","1":"post","2":"type-post","3":"status-publish","4":"format-standard","5":"has-post-thumbnail","7":"category-sverige","8":"tag-breaking-news","9":"tag-breakingnews","10":"tag-featured-news","11":"tag-featurednews","12":"tag-headlines","13":"tag-huvudnyheter","14":"tag-latest-news","15":"tag-latestnews","16":"tag-main-news","17":"tag-mainnews","18":"tag-news","19":"tag-nyheter","20":"tag-rubriker","21":"tag-se","22":"tag-svenska","23":"tag-sverige","24":"tag-sweden","25":"tag-swedish","26":"tag-top-stories","27":"tag-topstories"},"share_on_mastodon":{"url":"https:\/\/pubeurope.com\/@se\/115881258825055533","error":""},"_links":{"self":[{"href":"https:\/\/www.europesays.com\/se\/wp-json\/wp\/v2\/posts\/133001","targetHints":{"allow":["GET"]}}],"collection":[{"href":"https:\/\/www.europesays.com\/se\/wp-json\/wp\/v2\/posts"}],"about":[{"href":"https:\/\/www.europesays.com\/se\/wp-json\/wp\/v2\/types\/post"}],"author":[{"embeddable":true,"href":"https:\/\/www.europesays.com\/se\/wp-json\/wp\/v2\/users\/2"}],"replies":[{"embeddable":true,"href":"https:\/\/www.europesays.com\/se\/wp-json\/wp\/v2\/comments?post=133001"}],"version-history":[{"count":0,"href":"https:\/\/www.europesays.com\/se\/wp-json\/wp\/v2\/posts\/133001\/revisions"}],"wp:featuredmedia":[{"embeddable":true,"href":"https:\/\/www.europesays.com\/se\/wp-json\/wp\/v2\/media\/54"}],"wp:attachment":[{"href":"https:\/\/www.europesays.com\/se\/wp-json\/wp\/v2\/media?parent=133001"}],"wp:term":[{"taxonomy":"category","embeddable":true,"href":"https:\/\/www.europesays.com\/se\/wp-json\/wp\/v2\/categories?post=133001"},{"taxonomy":"post_tag","embeddable":true,"href":"https:\/\/www.europesays.com\/se\/wp-json\/wp\/v2\/tags?post=133001"}],"curies":[{"name":"wp","href":"https:\/\/api.w.org\/{rel}","templated":true}]}}