{"id":133004,"date":"2026-01-12T08:49:14","date_gmt":"2026-01-12T08:49:14","guid":{"rendered":"https:\/\/www.europesays.com\/se\/133004\/"},"modified":"2026-01-12T08:49:14","modified_gmt":"2026-01-12T08:49:14","slug":"hammarbys-pojkakademi-arets-akademi-och-okar-till-sex-stjarnor-hammarby-fotboll","status":"publish","type":"post","link":"https:\/\/www.europesays.com\/se\/133004\/","title":{"rendered":"Hammarbys pojkakademi \u00c5rets akademi \u2013 och \u00f6kar till sex stj\u00e4rnor &#8211; Hammarby Fotboll"},"content":{"rendered":"<ol>\n<li><a href=\"https:\/\/news.google.com\/rss\/articles\/CBMipgFBVV95cUxPYzFzbGZpWi0tNDdmZnY3dUxJWHJTOEJ5OFMtTkZPTnVkYVJYa3JHV0hnTWVsYU81RHM1ZDVoV1ZXcGxjTXZJaGpfd3I4VmpmTm91ZXZXNURlY3I5TjZBWUQ4X0dmYjNhc3RMUEtpcWJhZDJjdjY4R2pHRVVVMmJXQzBSRGoxaXhoYmhIUmRHUnBVeWdoU09SZ0lfbnZ1Y0ZrV2VUbzNB?oc=5\" target=\"_blank\" rel=\"nofollow noopener\">Hammarbys pojkakademi \u00c5rets akademi \u2013 och \u00f6kar till sex stj\u00e4rnor<\/a>&nbsp;&nbsp;Hammarby Fotboll<\/li>\n<li><a href=\"https:\/\/news.google.com\/rss\/articles\/CBMiswFBVV95cUxPV3BDcTFaZUJtQm10Q1NLSjIzaHFVcksxc0NtTnhSVklmYm1kMmpsUElpZlpPWjVFVnFYSU5LT2RBclVFNTJ2WktscWRwb3pTbERDSWVZRmRxa0h1OERRUExZYV9NSlV5MXBXY1U1dzJkNi02OHhpZ2R6TzZ5YXlNWHRtbW4wTUUtVnhLN2ZIY1ZHUlV6MUJmeUg5dzhXelZNcXZTbHhyeW1wcll3SHpkdlliOA?oc=5\" target=\"_blank\" rel=\"nofollow noopener\">Stark utveckling i akademicertifieringen \u2013 \u00e5tta SEF-klubbar f\u00e5r fler stj\u00e4rnor \u00e4n 2024<\/a>&nbsp;&nbsp;F\u00f6reningen Svensk Elitfotboll<\/li>\n<li><a href=\"https:\/\/news.google.com\/rss\/articles\/CBMijgFBVV95cUxQX1dGYTg1bDE1RzdpYng4RlJGaTJ0TV9lZmVmTmpsRW93VmZ6RTlQLWpJOXFiazVDTU5kRC1lejJnb1VaTnhhWExodTBUTmVxZFNOOTNjVk41czAwbnlWVTdLdWluQ0JGdG4zOHZNOHMyMzE0RkNUZHhLV1JTeC1MdEdycEdjbjVYNkk2blJn?oc=5\" target=\"_blank\" rel=\"nofollow noopener\">MFF Ungdom b\u00e4st i landet \u2013 f\u00f6r sjunde \u00e5ret i rad<\/a>&nbsp;&nbsp;Malm\u00f6 FF<\/li>\n<li><a href=\"https:\/\/news.google.com\/rss\/articles\/CBMijgFBVV95cUxPZGYwUHFsZE1FcFRGdnJVZTBWblMwakZNUHpDamxTM0V1UG1HWWJYUG5uMlBlYlZ5MDFXRWZSbV9FNVVHdU5zN2pnbmEyd3p5LWxQUkgzRUhXWDN6VVVGTUdrNktrQ2liQWxKTnFtZE5xUDZvWWtTVEVzWWxiRUZ6MkZZb1hkWEpkVWlnc2xn?oc=5\" target=\"_blank\" rel=\"nofollow noopener\">Rankning: Sveriges b\u00e4sta akademier<\/a>&nbsp;&nbsp;Fotbollskanalen<\/li>\n<li><a href=\"https:\/\/news.google.com\/rss\/articles\/CBMiigFBVV95cUxOT2piUmJoWTU3NGpyRmh1elB3UjBISG1oY01ObThQamtDY0w3dEV1Nlc4aUlWcGRfVko0TjFtcm81R0ktWVY1UlRlbVQxMEFwZ3phRUtXQnZOc1kzTnNNMGdkaWplZmJIcjBWTlF1RGhzajBKUFY0S3lLVlY2ckVUdUE2andCa1hVUmc?oc=5\" target=\"_blank\" rel=\"nofollow noopener\">Gl\u00e4djebeskedet: \u00d6SK och Degerfors f\u00e5r en stj\u00e4rna till<\/a>&nbsp;&nbsp;Nerikes Allehanda<\/li>\n<\/ol>\n","protected":false},"excerpt":{"rendered":"Hammarbys pojkakademi \u00c5rets akademi \u2013 och \u00f6kar till sex stj\u00e4rnor&nbsp;&nbsp;Hammarby Fotboll Stark utveckling i akademicertifieringen \u2013 \u00e5tta SEF-klubbar&hellip;\n","protected":false},"author":2,"featured_media":133005,"comment_status":"","ping_status":"","sticky":false,"template":"","format":"standard","meta":{"footnotes":""},"categories":[68],"tags":[34,111,110,31,33,32,30],"class_list":{"0":"post-133004","1":"post","2":"type-post","3":"status-publish","4":"format-standard","5":"has-post-thumbnail","7":"category-sport","8":"tag-se","9":"tag-sport","10":"tag-sports","11":"tag-svenska","12":"tag-sverige","13":"tag-sweden","14":"tag-swedish"},"share_on_mastodon":{"url":"https:\/\/pubeurope.com\/@se\/115881270599957028","error":""},"_links":{"self":[{"href":"https:\/\/www.europesays.com\/se\/wp-json\/wp\/v2\/posts\/133004","targetHints":{"allow":["GET"]}}],"collection":[{"href":"https:\/\/www.europesays.com\/se\/wp-json\/wp\/v2\/posts"}],"about":[{"href":"https:\/\/www.europesays.com\/se\/wp-json\/wp\/v2\/types\/post"}],"author":[{"embeddable":true,"href":"https:\/\/www.europesays.com\/se\/wp-json\/wp\/v2\/users\/2"}],"replies":[{"embeddable":true,"href":"https:\/\/www.europesays.com\/se\/wp-json\/wp\/v2\/comments?post=133004"}],"version-history":[{"count":0,"href":"https:\/\/www.europesays.com\/se\/wp-json\/wp\/v2\/posts\/133004\/revisions"}],"wp:featuredmedia":[{"embeddable":true,"href":"https:\/\/www.europesays.com\/se\/wp-json\/wp\/v2\/media\/133005"}],"wp:attachment":[{"href":"https:\/\/www.europesays.com\/se\/wp-json\/wp\/v2\/media?parent=133004"}],"wp:term":[{"taxonomy":"category","embeddable":true,"href":"https:\/\/www.europesays.com\/se\/wp-json\/wp\/v2\/categories?post=133004"},{"taxonomy":"post_tag","embeddable":true,"href":"https:\/\/www.europesays.com\/se\/wp-json\/wp\/v2\/tags?post=133004"}],"curies":[{"name":"wp","href":"https:\/\/api.w.org\/{rel}","templated":true}]}}