{"id":133006,"date":"2026-01-12T08:50:11","date_gmt":"2026-01-12T08:50:11","guid":{"rendered":"https:\/\/www.europesays.com\/se\/133006\/"},"modified":"2026-01-12T08:50:11","modified_gmt":"2026-01-12T08:50:11","slug":"gina-dirawi-i-melodifestivalen-ar-ett-stallningstagande-bade-mot-israel-och-mot-svenska-folket","status":"publish","type":"post","link":"https:\/\/www.europesays.com\/se\/133006\/","title":{"rendered":"Gina Dirawi i Melodifestivalen \u00e4r ett st\u00e4llningstagande b\u00e5de mot Israel och mot svenska folket"},"content":{"rendered":"<p><strong>Alicia Bengtsdotter: Det \u00e4r ett riktigt obehagligt litet radarpar som ska \u00e4ntra scenen n\u00e4r \u201dMello\u201d tar sin b\u00f6rjan. Den stora fr\u00e5gan \u00e4r dock varf\u00f6r SVT alltid v\u00e4ljer att ta st\u00e4llning f\u00f6r terror och mot humanism. Vad handlar detta totala haveri om egentligen?<\/strong><\/p>\n<p>Efter drygt tv\u00e5 \u00e5r av st\u00e4ndigt vinklad nyhetsrapportering om allt som har med Israel och Gaza att g\u00f6ra gav SVT svenska folket en s\u00e4rskild julklapp i slutet av \u00e5ret: Av alla t\u00e4nkbara programledare f\u00f6r folkk\u00e4ra Melodifestivalen valde man en som under \u00e5ratal gett uttryck f\u00f6r simpelt, r\u00e5tt judehat \u2013 och som klargjort att hon t\u00e4nker leda programmet i egenskap av \u201dpalestinier\u201d.<\/p>\n<p>Ni vet f\u00f6rst\u00e5s redan vem jag talar om. Gina Dirawi. En person som, trots sin uppenbart antisemitiska h\u00e5llning, omhuldas av skattefinansierade public service som vore hon en s\u00e4llsamt dyrbar juvel.<\/p>\n<p>2010 skrev Gina Dirawi ett blogginl\u00e4gg med titeln \u201dIsrael tar efter Hitler\u201d. D\u00e4r tog hon avst\u00e5nd fr\u00e5n Hamas terrorst\u00e4mpel och p\u00e5stod att Israel \u00e4r \u201dde st\u00f6rsta terroristerna\u201d.<\/p>\n<p>2012 tipsade hon om \u201dkv\u00e4llsl\u00e4sning\u201d i form av boken \u00c4r v\u00e4rlden upp och ner?, skriven av den radikale judehataren Lars Wilhelmson, med en bakgrund inom extremv\u00e4nstern.<\/p>\n<p>Vid b\u00e5da tillf\u00e4llena pudlade hon pliktskyldigt, n\u00e4r hon m\u00e4rkte att det b\u00f6rjade bl\u00e5sa om \u00f6ronen, och till SVT har hon varit fortsatt v\u00e4lkommen.<\/p>\n<p>Det borde naturligtvis inte vara m\u00f6jligt f\u00f6r skattefinansierade public service att p\u00e5 detta s\u00e4tt ta st\u00e4llning f\u00f6r terror, v\u00e5ld och hat mot en suver\u00e4n nation och dess inv\u00e5nare. Men SVT har bitit huvudet av skammen f\u00f6r l\u00e4ngesen och visat att de \u00e4r fullkomligt ointresserade av att sk\u00f6ta sitt uppdrag. Och i ljuset av det \u00e4r det fullkomligt logiskt f\u00f6r SVT-ledningen att v\u00e4lja en etablerad judehatare som programledare f\u00f6r ett av mediehusets mest popul\u00e4ra program.<\/p>\n<p>Det \u00e4r allts\u00e5 ett helt medvetet beslut, eftersom Gina Dirawi genom sin person kommer att s\u00e4kerst\u00e4lla att SVT:s antijudiska propaganda sprider sig fr\u00e5n nyhetsredaktionerna till delt\u00e4vlingarnas lokalscener s\u00e5v\u00e4l som i skattebetalarnas vardagsrum.<\/p>\n<p>Den utvalda programledaren har sj\u00e4lv gjort klart att hon tar sig an jobbet utifr\u00e5n sin palestinska identitet. S\u00e5 h\u00e4r skrev hon p\u00e5 Facebook:<\/p>\n<p>\u201dHar man f\u00f6ljt mig genom \u00e5ren \u2013 sett program, bok\/texter, bolag, lyssnat p\u00e5 musik eller sommarprat \u2013 vet man att min palestinska identitet genomsyrar allt jag g\u00f6r.\u201d<\/p>\n<p>Hennes palestinska identitet \u2013 eller hennes judehat? Eller h\u00f6r de s\u00e5 n\u00e4ra samman att hon inte l\u00e4ngre kan separera dem? Det vet endast Gina Dirawi sj\u00e4lv.<\/p>\n<p>Eftersom hon ocks\u00e5 mycket v\u00e4l vet att hennes judehat \u00e4r helt accepterat i SVT:s finrum passade hon ocks\u00e5 p\u00e5 att \u2013 f\u00f6r femtioelfte g\u00e5ngen \u2013 anklaga Israel f\u00f6r folkmord. Sen var det bara att g\u00f6ra den sedvanliga pudeln f\u00f6r att SVT skulle klarg\u00f6ra att de minsann har \u201dfortsatt f\u00f6rtroende\u201d f\u00f6r henne.<\/p>\n<p>Det h\u00e4r \u00e4r s\u00e5 sjukt s\u00e5 det finns knappt ord f\u00f6r det. Men det slutar inte med Gina Dirawi. Hennes programledarpartner \u00e4r inte heller opolitisk. Hampus Nessvold (som f\u00f6r \u00f6vrigt skapat sig ett namn genom att \u00e4gna sig \u00e5t kvinnof\u00f6rnedrande karikatyrer i SVT:s l\u00e5gvattenm\u00e4rke Therese i kassan) tog ocks\u00e5 tidigt st\u00e4llning f\u00f6r Hamas och mot Israel. Bara n\u00e5gra veckor efter Hamas massmord p\u00e5 judar skrev han under uppropet #Vikr\u00e4ver, d\u00e4r terrord\u00e5det och gisslan helt utel\u00e4mnades till f\u00f6rm\u00e5n f\u00f6r renodlad Hamaspropaganda.<\/p>\n<p>Det \u00e4r allts\u00e5 ett riktigt obehagligt litet radarpar som ska \u00e4ntra scenen n\u00e4r \u201dMello\u201d tar sin b\u00f6rjan.<\/p>\n<p>Den stora fr\u00e5gan \u00e4r dock varf\u00f6r SVT alltid v\u00e4ljer att ta st\u00e4llning f\u00f6r terror och mot humanism. Vad handlar detta totala haveri om egentligen?<\/p>\n<p>En starkt bidragande orsak till haveriet \u00e4r att SVT:s tydliga v\u00e4nstervinklingar. I v\u00e4nsterns ideologi finns en felaktig, men livaktig, bild av att muslimer alltid och utan undantag \u00e4r en utsatt grupp i samh\u00e4llet. D\u00e5 blir Hamas, trots sin smutsiga terrorkrigf\u00f6ring, automatiskt offer medan Israel f\u00f6rvandlas till g\u00e4rningsm\u00e4n.<\/p>\n<p>En annan \u00e4r att det \u00f6ppna judehat som ges uttryck f\u00f6r i m\u00e5nga invandrade grupperingar f\u00e5tt det tidigare tysta judehatet i v\u00e5rt eget land att blossa upp. Det \u00e4r numera riskfritt att vara antisemit, vilket ocks\u00e5 gett de antisemiter som uppenbarligen finns p\u00e5 olika avdelningar inom SVT ny livsluft.<\/p>\n<p>En tredje orsak \u00e4r med st\u00f6rsta sannolikhet att svenska folket i tv\u00e5 \u00e5rs tid har visat i b\u00e5de ord och handling att det finns ett starkt st\u00f6d f\u00f6r Israels medverkan i Melodifestivalen. Det kan SVT inte acceptera. Gina Dirawi och Hampus Nessvolds medverkan \u00e4r d\u00e4rf\u00f6r b\u00e5de ett st\u00e4llningstagande mot Israel och ett l\u00e5ngfinger i ansiktet p\u00e5 folket.<\/p>\n<p><strong>Alicia Bengtsdotter<\/strong><\/p>\n","protected":false},"excerpt":{"rendered":"Alicia Bengtsdotter: Det \u00e4r ett riktigt obehagligt litet radarpar som ska \u00e4ntra scenen n\u00e4r \u201dMello\u201d tar sin b\u00f6rjan.&hellip;\n","protected":false},"author":2,"featured_media":133007,"comment_status":"","ping_status":"","sticky":false,"template":"","format":"standard","meta":{"footnotes":""},"categories":[67],"tags":[11118,104,4049,4050,34,31,33,586,32,30,105],"class_list":{"0":"post-133006","1":"post","2":"type-post","3":"status-publish","4":"format-standard","5":"has-post-thumbnail","7":"category-underhallning","8":"tag-alicia-bengtsdotter","9":"tag-entertainment","10":"tag-gina-dirawi","11":"tag-melodifestivalen","12":"tag-se","13":"tag-svenska","14":"tag-sverige","15":"tag-svt","16":"tag-sweden","17":"tag-swedish","18":"tag-underhallning"},"share_on_mastodon":{"url":"https:\/\/pubeurope.com\/@se\/115881274458507836","error":""},"_links":{"self":[{"href":"https:\/\/www.europesays.com\/se\/wp-json\/wp\/v2\/posts\/133006","targetHints":{"allow":["GET"]}}],"collection":[{"href":"https:\/\/www.europesays.com\/se\/wp-json\/wp\/v2\/posts"}],"about":[{"href":"https:\/\/www.europesays.com\/se\/wp-json\/wp\/v2\/types\/post"}],"author":[{"embeddable":true,"href":"https:\/\/www.europesays.com\/se\/wp-json\/wp\/v2\/users\/2"}],"replies":[{"embeddable":true,"href":"https:\/\/www.europesays.com\/se\/wp-json\/wp\/v2\/comments?post=133006"}],"version-history":[{"count":0,"href":"https:\/\/www.europesays.com\/se\/wp-json\/wp\/v2\/posts\/133006\/revisions"}],"wp:featuredmedia":[{"embeddable":true,"href":"https:\/\/www.europesays.com\/se\/wp-json\/wp\/v2\/media\/133007"}],"wp:attachment":[{"href":"https:\/\/www.europesays.com\/se\/wp-json\/wp\/v2\/media?parent=133006"}],"wp:term":[{"taxonomy":"category","embeddable":true,"href":"https:\/\/www.europesays.com\/se\/wp-json\/wp\/v2\/categories?post=133006"},{"taxonomy":"post_tag","embeddable":true,"href":"https:\/\/www.europesays.com\/se\/wp-json\/wp\/v2\/tags?post=133006"}],"curies":[{"name":"wp","href":"https:\/\/api.w.org\/{rel}","templated":true}]}}