{"id":133009,"date":"2026-01-12T08:54:28","date_gmt":"2026-01-12T08:54:28","guid":{"rendered":"https:\/\/www.europesays.com\/se\/133009\/"},"modified":"2026-01-12T08:54:28","modified_gmt":"2026-01-12T08:54:28","slug":"fullgott-fargseende-inte-langre-krav-for-polis","status":"publish","type":"post","link":"https:\/\/www.europesays.com\/se\/133009\/","title":{"rendered":"Fullgott f\u00e4rgseende inte l\u00e4ngre krav f\u00f6r polis"},"content":{"rendered":"<p>\t\t\t\t\t\t\t\t\t<img decoding=\"async\" class=\"alignnone wp-image-50632\" src=\"https:\/\/polistidningen.se\/wp-content\/uploads\/2020\/11\/faktarutasymbol_1.svg\" alt=\"\" width=\"30\"\/><strong>S\u00e4nkta antagningskrav till Polisutbildningen<\/strong><\/p>\n<p>2012 \u2013 spr\u00e5kprovet togs bort<\/p>\n<p>2016 \u2013 gr\u00e4nsen f\u00f6r godk\u00e4nt p\u00e5 beg\u00e5vningstestet s\u00e4nktes<\/p>\n<p>2022 \u2013 kravet p\u00e5 <a href=\"https:\/\/polistidningen.se\/2022\/02\/vi-tycker-inte-att-det-ar-en-kravsankning\/\" target=\"_blank\" rel=\"noopener nofollow\">godk\u00e4nt gymnasiebetyg i historia<\/a> slopades<\/p>\n<p>2022 \u2013 beg\u00e5vningstestet <a href=\"https:\/\/polistidningen.se\/2022\/06\/vad-har-egentligen-hant-med-begavningskravet\/\" target=\"_blank\" rel=\"noopener nofollow\">normerades om<\/a>, vilket innebar att det inte kr\u00e4vdes lika m\u00e5nga po\u00e4ng f\u00f6r att f\u00e5 godk\u00e4nt<\/p>\n<p>2022 \u2013 en <a href=\"https:\/\/polistidningen.se\/2022\/03\/kuggade-hos-psykologen-far-ny-chans\/\" target=\"_blank\" rel=\"noopener nofollow\">ny psykologisk kravprofil<\/a> b\u00f6rjade till\u00e4mpas, vilket gjorde att <a href=\"https:\/\/polistidningen.se\/2023\/11\/farre-kuggas-pa-psykologintervjun\/\" rel=\"nofollow noopener\" target=\"_blank\">fler klarade psykologintervjun<\/a><\/p>\n<p>2025 \u2013 kravet p\u00e5 <a href=\"https:\/\/polistidningen.se\/2025\/04\/korkort-for-automat-ska-racka-for-poliser\/\" target=\"_blank\" rel=\"noopener nofollow\">k\u00f6rkort f\u00f6r manuell v\u00e4xel<\/a> togs bort<\/p>\n<p>2026 \u2013 kravet p\u00e5 fullgott f\u00e4rgseende tas bort\u00a0<\/p>\n<p>K\u00e4lla: Riksrevisionen samt Polismyndigheten\t\t\t\t\t\t\t\t<\/p>\n","protected":false},"excerpt":{"rendered":"S\u00e4nkta antagningskrav till Polisutbildningen 2012 \u2013 spr\u00e5kprovet togs bort 2016 \u2013 gr\u00e4nsen f\u00f6r godk\u00e4nt p\u00e5 beg\u00e5vningstestet s\u00e4nktes 2022&hellip;\n","protected":false},"author":2,"featured_media":133010,"comment_status":"","ping_status":"","sticky":false,"template":"","format":"standard","meta":{"footnotes":""},"categories":[12],"tags":[22,23,13537,13538,26,27,17,21,24,25,28,29,15,16,13539,13540,18,34,31,33,32,30,19,20],"class_list":{"0":"post-133009","1":"post","2":"type-post","3":"status-publish","4":"format-standard","5":"has-post-thumbnail","7":"category-sverige","8":"tag-breaking-news","9":"tag-breakingnews","10":"tag-fargblindhet","11":"tag-fargseende","12":"tag-featured-news","13":"tag-featurednews","14":"tag-headlines","15":"tag-huvudnyheter","16":"tag-latest-news","17":"tag-latestnews","18":"tag-main-news","19":"tag-mainnews","20":"tag-news","21":"tag-nyheter","22":"tag-polisantagningen","23":"tag-polisutbildningen","24":"tag-rubriker","25":"tag-se","26":"tag-svenska","27":"tag-sverige","28":"tag-sweden","29":"tag-swedish","30":"tag-top-stories","31":"tag-topstories"},"share_on_mastodon":{"url":"https:\/\/pubeurope.com\/@se\/115881290140460305","error":""},"_links":{"self":[{"href":"https:\/\/www.europesays.com\/se\/wp-json\/wp\/v2\/posts\/133009","targetHints":{"allow":["GET"]}}],"collection":[{"href":"https:\/\/www.europesays.com\/se\/wp-json\/wp\/v2\/posts"}],"about":[{"href":"https:\/\/www.europesays.com\/se\/wp-json\/wp\/v2\/types\/post"}],"author":[{"embeddable":true,"href":"https:\/\/www.europesays.com\/se\/wp-json\/wp\/v2\/users\/2"}],"replies":[{"embeddable":true,"href":"https:\/\/www.europesays.com\/se\/wp-json\/wp\/v2\/comments?post=133009"}],"version-history":[{"count":0,"href":"https:\/\/www.europesays.com\/se\/wp-json\/wp\/v2\/posts\/133009\/revisions"}],"wp:featuredmedia":[{"embeddable":true,"href":"https:\/\/www.europesays.com\/se\/wp-json\/wp\/v2\/media\/133010"}],"wp:attachment":[{"href":"https:\/\/www.europesays.com\/se\/wp-json\/wp\/v2\/media?parent=133009"}],"wp:term":[{"taxonomy":"category","embeddable":true,"href":"https:\/\/www.europesays.com\/se\/wp-json\/wp\/v2\/categories?post=133009"},{"taxonomy":"post_tag","embeddable":true,"href":"https:\/\/www.europesays.com\/se\/wp-json\/wp\/v2\/tags?post=133009"}],"curies":[{"name":"wp","href":"https:\/\/api.w.org\/{rel}","templated":true}]}}