{"id":133011,"date":"2026-01-12T08:58:14","date_gmt":"2026-01-12T08:58:14","guid":{"rendered":"https:\/\/www.europesays.com\/se\/133011\/"},"modified":"2026-01-12T08:58:14","modified_gmt":"2026-01-12T08:58:14","slug":"kapten-i-ratten-efter-kollision-med-stena-fartyg","status":"publish","type":"post","link":"https:\/\/www.europesays.com\/se\/133011\/","title":{"rendered":"Kapten i r\u00e4tten efter kollision med Stena-fartyg"},"content":{"rendered":"<p>share-arrowDela<\/p>\n<p>unsaveSpara<\/p>\n<p>expand-left<\/p>\n<p>helsk\u00e4rm<img decoding=\"async\" class=\"image-asset hyperion-css-u06ts1\" data-test-tag=\"image-asset\" src=\"https:\/\/www.europesays.com\/se\/wp-content\/uploads\/2026\/01\/026032b9-e9db-49b1-9b8a-b6312f319c73.jpeg\"  alt=\"B\u00e5da skeppen fattade eld efter olyckan. H\u00e4r syns efterspelet till elden p\u00e5 Solong den 11 mars, dagen efter kollisionen, f\u00f6rra \u00e5ret.\"  loading=\"eager\" fetchpriority=\"high\" style=\"aspect-ratio:1900 \/ 1267\"\/>B\u00e5da skeppen fattade eld efter olyckan. H\u00e4r syns efterspelet till elden p\u00e5 Solong den 11 mars, dagen efter kollisionen, f\u00f6rra \u00e5ret. Foto: Dan Kitwood, Pool Via AP\/TT<\/p>\n<p class=\"hyperion-css-1shl3oz\" data-test-tag=\"lead-text\">Den ryske kaptenen p\u00e5 ett fartyg som rammade svensk\u00e4gda Stena Immaculate i Nordsj\u00f6n st\u00e4lls p\u00e5 m\u00e5ndagen inf\u00f6r r\u00e4tta i London.<\/p>\n<p class=\"hyperion-css-1v9qo5x\">Det var den 10 mars f\u00f6rra \u00e5ret som fartyget Solong k\u00f6rde in i Immaculate, som l\u00e5g f\u00f6r ankar i Nordsj\u00f6n. En stor tank med flygplansbr\u00e4nsle punkterades, vilket bidrog till omfattande br\u00e4nder. Dessutom spilldes stora m\u00e4ngder plastpellets i havet \u2013 \u00f6ver 16 ton st\u00e4dades sedan upp p\u00e5 str\u00e4nder i Lincolnshire.<\/p>\n<p class=\"hyperion-css-1v9qo5x\">En filippinsk bes\u00e4ttningsman fr\u00e5n Solong, d\u00e4r den nu \u00e5talade ryssen var kapten, f\u00f6rsvann under olycksf\u00f6rloppet. Han har aldrig \u00e5terfunnits, utan antas ha omkommit. Ryssen st\u00e4lls d\u00e4rf\u00f6r inf\u00f6r r\u00e4tta f\u00f6r v\u00e5llande till annans d\u00f6d.<\/p>\n<p class=\"hyperion-css-1v9qo5x\">Stena Immaculate var chartrat av USA:s milit\u00e4r, vilket bidrog till spekulationer om att det skulle handla om ett attentat. Men det har Storbritanniens myndigheter sedermera uteslutit.<\/p>\n<p class=\"hyperion-css-1v9qo5x\">R\u00e4tteg\u00e5ngen h\u00e5lls i domstolen Old Bailey i London och v\u00e4ntas p\u00e5g\u00e5 i flera veckor.<\/p>\n","protected":false},"excerpt":{"rendered":"share-arrowDela unsaveSpara expand-left helsk\u00e4rmB\u00e5da skeppen fattade eld efter olyckan. H\u00e4r syns efterspelet till elden p\u00e5 Solong den 11&hellip;\n","protected":false},"author":2,"featured_media":133012,"comment_status":"","ping_status":"","sticky":false,"template":"","format":"standard","meta":{"footnotes":""},"categories":[68],"tags":[34,111,110,31,33,32,30],"class_list":{"0":"post-133011","1":"post","2":"type-post","3":"status-publish","4":"format-standard","5":"has-post-thumbnail","7":"category-sport","8":"tag-se","9":"tag-sport","10":"tag-sports","11":"tag-svenska","12":"tag-sverige","13":"tag-sweden","14":"tag-swedish"},"share_on_mastodon":{"url":"https:\/\/pubeurope.com\/@se\/115881306081222490","error":""},"_links":{"self":[{"href":"https:\/\/www.europesays.com\/se\/wp-json\/wp\/v2\/posts\/133011","targetHints":{"allow":["GET"]}}],"collection":[{"href":"https:\/\/www.europesays.com\/se\/wp-json\/wp\/v2\/posts"}],"about":[{"href":"https:\/\/www.europesays.com\/se\/wp-json\/wp\/v2\/types\/post"}],"author":[{"embeddable":true,"href":"https:\/\/www.europesays.com\/se\/wp-json\/wp\/v2\/users\/2"}],"replies":[{"embeddable":true,"href":"https:\/\/www.europesays.com\/se\/wp-json\/wp\/v2\/comments?post=133011"}],"version-history":[{"count":0,"href":"https:\/\/www.europesays.com\/se\/wp-json\/wp\/v2\/posts\/133011\/revisions"}],"wp:featuredmedia":[{"embeddable":true,"href":"https:\/\/www.europesays.com\/se\/wp-json\/wp\/v2\/media\/133012"}],"wp:attachment":[{"href":"https:\/\/www.europesays.com\/se\/wp-json\/wp\/v2\/media?parent=133011"}],"wp:term":[{"taxonomy":"category","embeddable":true,"href":"https:\/\/www.europesays.com\/se\/wp-json\/wp\/v2\/categories?post=133011"},{"taxonomy":"post_tag","embeddable":true,"href":"https:\/\/www.europesays.com\/se\/wp-json\/wp\/v2\/tags?post=133011"}],"curies":[{"name":"wp","href":"https:\/\/api.w.org\/{rel}","templated":true}]}}