{"id":133018,"date":"2026-01-12T09:06:22","date_gmt":"2026-01-12T09:06:22","guid":{"rendered":"https:\/\/www.europesays.com\/se\/133018\/"},"modified":"2026-01-12T09:06:22","modified_gmt":"2026-01-12T09:06:22","slug":"david-moberg-karlsson-klar-for-spel-i-japan-superettan","status":"publish","type":"post","link":"https:\/\/www.europesays.com\/se\/133018\/","title":{"rendered":"David Moberg Karlsson klar f\u00f6r spel i Japan | Superettan"},"content":{"rendered":"<p>Publicerad 11 jan 2026 kl 13.03Uppdaterad kl 14.56<\/p>\n<p>David Moberg Karlsson l\u00e4mnar IFK Norrk\u00f6ping.<\/p>\n<p>31-\u00e5ringen \u00e4r klar f\u00f6r Tochigi City i Japan kommande s\u00e4song.<\/p>\n<p><img   alt=\"\"\/><\/p>\n<p>David Moberg Karlsson.<\/p>\n<p>Foto: Patric S\u00f6derstr\u00f6m\/TT \/ TT NYHETSBYR\u00c5N \/ PATRIC SODERSTROM<\/p>\n<p>\u00d6ppna bild i helsk\u00e4rm<\/p>\n<p><a href=\"https:\/\/www.expressen.se\/tagg\/organization\/ifk-norrkoping\/\" class=\"\" rel=\"nofollow noopener\" target=\"_blank\">IFK Norrk\u00f6ping<\/a> ramlade ur allsvenskan efter en het drabbning med \u00d6rgryte i kvalet. Under vintern har klubben genomg\u00e5tt stora f\u00f6r\u00e4ndringar \u2013 bland annat p\u00e5 tr\u00e4narposten.<\/p>\n<p>Eldar Abdulic har ersatt Martin Falk och sportchefen Henrik Jurelius har under de senaste veckorna rekryterat flera nya spelare, men ocks\u00e5 tackat av Arnor Traustason.<\/p>\n<p>Nu l\u00e4mnar n\u00e4sta nyckelspelare. David Moberg Karlsson \u00e4r klar f\u00f6r spel i japanska Tochigi City, som spelar i J. League 2.<\/p>\n<p>IFK hade en f\u00f6rhoppning om att f\u00e5 beh\u00e5lla spelaren, men 31-\u00e5ringen v\u00e4ljer nu att flytta till Asien f\u00f6r att forts\u00e4tta sitt \u00e4ventyr. David Moberg Karlsson har spelat i Japan tidigare.<\/p>\n<p>D\u00e5 representerade han Urawa Red Diamonds innan han l\u00e5nades ut till Aris i Grekland.<\/p>\n","protected":false},"excerpt":{"rendered":"Publicerad 11 jan 2026 kl 13.03Uppdaterad kl 14.56 David Moberg Karlsson l\u00e4mnar IFK Norrk\u00f6ping. 31-\u00e5ringen \u00e4r klar f\u00f6r&hellip;\n","protected":false},"author":2,"featured_media":133019,"comment_status":"","ping_status":"","sticky":false,"template":"","format":"standard","meta":{"footnotes":""},"categories":[68],"tags":[1045,34,129,215,111,110,31,33,32,30],"class_list":{"0":"post-133018","1":"post","2":"type-post","3":"status-publish","4":"format-standard","5":"has-post-thumbnail","7":"category-sport","8":"tag-organization-ifk-norrkoping","9":"tag-se","10":"tag-sections-fotboll","11":"tag-sections-superettan","12":"tag-sport","13":"tag-sports","14":"tag-svenska","15":"tag-sverige","16":"tag-sweden","17":"tag-swedish"},"share_on_mastodon":{"url":"https:\/\/pubeurope.com\/@se\/115881337401121398","error":""},"_links":{"self":[{"href":"https:\/\/www.europesays.com\/se\/wp-json\/wp\/v2\/posts\/133018","targetHints":{"allow":["GET"]}}],"collection":[{"href":"https:\/\/www.europesays.com\/se\/wp-json\/wp\/v2\/posts"}],"about":[{"href":"https:\/\/www.europesays.com\/se\/wp-json\/wp\/v2\/types\/post"}],"author":[{"embeddable":true,"href":"https:\/\/www.europesays.com\/se\/wp-json\/wp\/v2\/users\/2"}],"replies":[{"embeddable":true,"href":"https:\/\/www.europesays.com\/se\/wp-json\/wp\/v2\/comments?post=133018"}],"version-history":[{"count":0,"href":"https:\/\/www.europesays.com\/se\/wp-json\/wp\/v2\/posts\/133018\/revisions"}],"wp:featuredmedia":[{"embeddable":true,"href":"https:\/\/www.europesays.com\/se\/wp-json\/wp\/v2\/media\/133019"}],"wp:attachment":[{"href":"https:\/\/www.europesays.com\/se\/wp-json\/wp\/v2\/media?parent=133018"}],"wp:term":[{"taxonomy":"category","embeddable":true,"href":"https:\/\/www.europesays.com\/se\/wp-json\/wp\/v2\/categories?post=133018"},{"taxonomy":"post_tag","embeddable":true,"href":"https:\/\/www.europesays.com\/se\/wp-json\/wp\/v2\/tags?post=133018"}],"curies":[{"name":"wp","href":"https:\/\/api.w.org\/{rel}","templated":true}]}}