{"id":133024,"date":"2026-01-12T09:11:07","date_gmt":"2026-01-12T09:11:07","guid":{"rendered":"https:\/\/www.europesays.com\/se\/133024\/"},"modified":"2026-01-12T09:11:07","modified_gmt":"2026-01-12T09:11:07","slug":"bristande-utredning-och-uppfoljning-av-lagt-blodvarde-ledde-till-forsenad-upptackt-av-cancer","status":"publish","type":"post","link":"https:\/\/www.europesays.com\/se\/133024\/","title":{"rendered":"Bristande utredning och uppf\u00f6ljning av l\u00e5gt blodv\u00e4rde ledde till f\u00f6rsenad uppt\u00e4ckt av cancer"},"content":{"rendered":"<p><strong><\/p>\n<p>Region Kronoberg har gjort en Lex Maria-anm\u00e4lan av en h\u00e4ndelse d\u00e4r ett l\u00e5gt blodv\u00e4rde inte utreddes och f\u00f6ljdes upp adekvat vilket gjorde att en tjocktarmscancer inte uppt\u00e4cktes.<\/p>\n<p><\/strong><\/p>\n<p>Patienten kontaktade sin v\u00e5rdcentral f\u00f6r yrsel och tr\u00f6tthet. I de prover som togs fann man ett l\u00e5gt blodv\u00e4rde. L\u00e4karen gjorde bed\u00f6mningen att det l\u00e5ga blodv\u00e4rdet berodde p\u00e5 en tum\u00f6r som patienten v\u00e4ntade p\u00e5 operation av.<\/p>\n<p>V\u00e4rdet f\u00f6ljdes upp efter en m\u00e5nad och var d\u00e5 fortfarande l\u00e5gt. Behandling med j\u00e4rntabletter sattes in men ingen ytterligare utredning gjordes, utan man planerade f\u00f6r uppf\u00f6ljning n\u00e4r patientens tum\u00f6r var opererad. Denna uppf\u00f6ljning tappades dock bort.<\/p>\n<p>Tio m\u00e5nader senare h\u00f6rde patienten av sig igen. D\u00e5 var blodv\u00e4rdet \u00e4nnu l\u00e4gre och patienten hade ocks\u00e5 f\u00e5tt symtom fr\u00e5n tarmen. Utredning startade och visade p\u00e5 cancer i tjocktarmen och att denna nu hade spritt sig. Om cancern uppt\u00e4ckts tidigare hade chanserna att f\u00e5 bort den varit st\u00f6rre.<\/p>\n<p>Vid ett l\u00e5gt blodv\u00e4rde g\u00f6r man vanligtvis en utredning f\u00f6r att se om det finns en bl\u00f6dning fr\u00e5n tarmen och i s\u00e5 fall utreder man f\u00f6r att se om det finns cancer i tjocktarmen. Det \u00e4r ovanligt med cancer p\u00e5 tv\u00e5 st\u00e4llen samtidigt vilket p\u00e5verkade l\u00e4karens bed\u00f6mning i detta fall. D\u00e5 dessutom uppf\u00f6ljningen uteblev f\u00f6rsenades uppt\u00e4ckten ytterligare.\u00a0<\/p>\n<p>V\u00e5rdcentralen har justerat sina rutiner och regionen arbetar vidare f\u00f6r att se om det g\u00e5r att f\u00e5 till en teknisk l\u00f6sning d\u00e4r kallelse f\u00f6r provtagning g\u00e5r iv\u00e4g automatiskt.<\/p>\n<p>Chefl\u00e4karen l\u00e4mnar \u00e4rendet till IVO (Inspektionen f\u00f6r v\u00e5rd och omsorg) f\u00f6r bed\u00f6mning enligt Lex Maria.<\/p>\n<p>Lex Maria<\/p>\n<p>V\u00e5rdgivaren ska anm\u00e4la h\u00e4ndelser som har medf\u00f6rt eller hade kunnat medf\u00f6ra en allvarlig v\u00e5rdskada till Inspektionen f\u00f6r v\u00e5rd och omsorg (IVO), denna regel kallas Lex Maria.<\/p>\n<p>Enligt best\u00e4mmelserna i patients\u00e4kerhetslagen (2010:659)<\/p>\n<ul>\n<li>ska h\u00e4lso- och sjukv\u00e5rdspersonalen rapportera risker f\u00f6r v\u00e5rdskador samt h\u00e4ndelser som har medf\u00f6rt eller hade kunnat medf\u00f6ra en v\u00e5rdskada till v\u00e5rdgivaren.<\/li>\n<li>har v\u00e5rdgivaren en skyldighet att utreda h\u00e4ndelser i verksamheten som har medf\u00f6rt eller hade kunnat medf\u00f6ra en v\u00e5rdskada.<\/li>\n<li>ska v\u00e5rdgivaren anm\u00e4la h\u00e4ndelser som har medf\u00f6rt eller hade kunnat medf\u00f6ra en allvarlig v\u00e5rdskada till IVO.<\/li>\n<\/ul>\n<p>Syftet med utredningen ska vara att s\u00e5 l\u00e5ngt som m\u00f6jligt klarl\u00e4gga h\u00e4ndelsef\u00f6rloppet och vilka faktorer som p\u00e5verkat det, samt ge underlag f\u00f6r beslut om \u00e5tg\u00e4rder som ska ha till \u00e4ndam\u00e5l att hindra att liknande h\u00e4ndelser intr\u00e4ffar p\u00e5 nytt, eller att begr\u00e4nsa de negativa effekterna av s\u00e5dana h\u00e4ndelser om de inte helt g\u00e5r att f\u00f6rhindra.<\/p>\n<p>IVO ska s\u00e4kerst\u00e4lla att anm\u00e4lda h\u00e4ndelser, som har medf\u00f6rt eller hade kunnat medf\u00f6ra en allvarlig v\u00e5rdskada, har utretts i n\u00f6dv\u00e4ndig omfattning samt att v\u00e5rdgivaren har vidtagit de \u00e5tg\u00e4rder som kr\u00e4vs f\u00f6r att uppn\u00e5 en h\u00f6g patients\u00e4kerhet.<\/p>\n","protected":false},"excerpt":{"rendered":"Region Kronoberg har gjort en Lex Maria-anm\u00e4lan av en h\u00e4ndelse d\u00e4r ett l\u00e5gt blodv\u00e4rde inte utreddes och f\u00f6ljdes&hellip;\n","protected":false},"author":2,"featured_media":133025,"comment_status":"","ping_status":"","sticky":false,"template":"","format":"standard","meta":{"footnotes":""},"categories":[12],"tags":[22,23,26,27,17,21,24,25,28,29,15,16,18,34,31,33,32,30,19,20],"class_list":{"0":"post-133024","1":"post","2":"type-post","3":"status-publish","4":"format-standard","5":"has-post-thumbnail","7":"category-sverige","8":"tag-breaking-news","9":"tag-breakingnews","10":"tag-featured-news","11":"tag-featurednews","12":"tag-headlines","13":"tag-huvudnyheter","14":"tag-latest-news","15":"tag-latestnews","16":"tag-main-news","17":"tag-mainnews","18":"tag-news","19":"tag-nyheter","20":"tag-rubriker","21":"tag-se","22":"tag-svenska","23":"tag-sverige","24":"tag-sweden","25":"tag-swedish","26":"tag-top-stories","27":"tag-topstories"},"share_on_mastodon":{"url":"https:\/\/pubeurope.com\/@se\/115881357002793823","error":""},"_links":{"self":[{"href":"https:\/\/www.europesays.com\/se\/wp-json\/wp\/v2\/posts\/133024","targetHints":{"allow":["GET"]}}],"collection":[{"href":"https:\/\/www.europesays.com\/se\/wp-json\/wp\/v2\/posts"}],"about":[{"href":"https:\/\/www.europesays.com\/se\/wp-json\/wp\/v2\/types\/post"}],"author":[{"embeddable":true,"href":"https:\/\/www.europesays.com\/se\/wp-json\/wp\/v2\/users\/2"}],"replies":[{"embeddable":true,"href":"https:\/\/www.europesays.com\/se\/wp-json\/wp\/v2\/comments?post=133024"}],"version-history":[{"count":0,"href":"https:\/\/www.europesays.com\/se\/wp-json\/wp\/v2\/posts\/133024\/revisions"}],"wp:featuredmedia":[{"embeddable":true,"href":"https:\/\/www.europesays.com\/se\/wp-json\/wp\/v2\/media\/133025"}],"wp:attachment":[{"href":"https:\/\/www.europesays.com\/se\/wp-json\/wp\/v2\/media?parent=133024"}],"wp:term":[{"taxonomy":"category","embeddable":true,"href":"https:\/\/www.europesays.com\/se\/wp-json\/wp\/v2\/categories?post=133024"},{"taxonomy":"post_tag","embeddable":true,"href":"https:\/\/www.europesays.com\/se\/wp-json\/wp\/v2\/tags?post=133024"}],"curies":[{"name":"wp","href":"https:\/\/api.w.org\/{rel}","templated":true}]}}