{"id":133026,"date":"2026-01-12T09:13:06","date_gmt":"2026-01-12T09:13:06","guid":{"rendered":"https:\/\/www.europesays.com\/se\/133026\/"},"modified":"2026-01-12T09:13:06","modified_gmt":"2026-01-12T09:13:06","slug":"energidryckens-popularitet-skjuter-i-hojden-mest-bland-aldre","status":"publish","type":"post","link":"https:\/\/www.europesays.com\/se\/133026\/","title":{"rendered":"Energidryckens popularitet skjuter i h\u00f6jden \u2013 mest bland \u00e4ldre"},"content":{"rendered":"<p>\u00c5ldersgr\u00e4ns p\u00e5 15 \u00e5r<\/p>\n<p>Flera unders\u00f6kningar visar att drycken blivit betydligt vanligare bland unga. Enligt rapporter har andelen gymnasieelever som dricker energidryck minst en g\u00e5ng i veckan f\u00f6rdubblats under de senaste fem \u00e5ren. <\/p>\n<p>Det \u00e4r inte bara gymnasieungdomar som dricker energidryck. En <a href=\"https:\/\/www.svt.se\/nyheter\/lokalt\/vasterbotten\/undersokning-fran-umea-visar-energidryck-populart-bland-12-aringar?utm_source=chatgpt.com\" rel=\"nofollow noopener\" target=\"_blank\">svensk unders\u00f6kning<\/a> visade att m\u00e5nga barn redan i 12-\u00e5rs\u00e5ldern testat drycken \u2013 trots att den rekommenderade \u00e5ldersgr\u00e4nsen \u00e4r 15 \u00e5r. <\/p>\n<p>\u00d6kad konsumtion \u00e4ven bland \u00e4ldre<\/p>\n<p>Men utvecklingen g\u00e4ller inte bara unga. Tv\u00e4rtom visar siffror att energidrycker blivit allt vanligare \u00e4ven bland \u00e4ldre svenskar.<\/p>\n<p>Enligt statistik fr\u00e5n unders\u00f6kningsf\u00f6retaget YouGov har f\u00f6rs\u00e4ljningen av energidrycker \u00f6kat kraftigt de senaste fyra \u00e5ren. I dag har var tredje svensk k\u00f6pt hem energidryck det senaste \u00e5ret, j\u00e4mf\u00f6rt med var fj\u00e4rde f\u00f6r fyra \u00e5r sedan. Dessutom k\u00f6per vi fler burkar per person \u00e4n tidigare.<\/p>\n<p>\u00c4ven om det \u00e4r yngre som k\u00f6per mest \u00e4r \u00f6kningen procentuellt st\u00f6rst bland \u00e4ldre.<\/p>\n<p>\u00c5ldersgruppen 60\u201369 \u00e5r har n\u00e4stan f\u00f6rdubblat sin konsumtion \u2013 en \u00f6kning med hela 89 procent mellan 2020 och 2024. Det \u00e4r viktigt att notera att siffrorna baseras p\u00e5 ink\u00f6p till hush\u00e5llet och inte f\u00e5ngar upp den konsumtion som sker utanf\u00f6r hemmet, exempelvis p\u00e5 caf\u00e9er eller gym.<\/p>\n<p>N\u00e4r koffeinet blir en risk<\/p>\n<p>Koffein kan g\u00f6ra dig piggare och mer fokuserad, men f\u00f6r mycket kan ge tydliga biverkningar. Vanliga symptom \u00e4r s\u00f6mnproblem, huvudv\u00e4rk, oro, \u00e5ngest, yrsel och hj\u00e4rtklappning. Vid h\u00f6gre intag kan man \u00e4ven drabbas av illam\u00e5ende, kr\u00e4kningar och diarr\u00e9.<\/p>\n<p>\u201cDet f\u00f6rsta man brukar m\u00e4rka \u00e4r s\u00f6mnst\u00f6rningar. D\u00e4refter kan hj\u00e4rtklappning, illam\u00e5ende och yrsel tillkomma, s\u00e4ger <strong>Sabina Lites Karlsson<\/strong>, toxikolog och nutritionist vid Livsmedelsverket till <a href=\"https:\/\/www.radron.se\/\" rel=\"nofollow noopener\" target=\"_blank\">R\u00e5d&amp;R\u00f6n<\/a>.<\/p>\n<p>F\u00f6r \u00e4ldre kan riskerna vara extra stora, s\u00e4rskilt f\u00f6r personer med hj\u00e4rt- och k\u00e4rlsjukdomar eller som tar l\u00e4kemedel som p\u00e5verkar hj\u00e4rtrytm och blodtryck.<\/p>\n<p><strong>L\u00e4s mer p\u00e5 News55:<\/strong><\/p>\n<p><a href=\"https:\/\/www.news55.se\/halsa\/usas-nya-kostrad-chockar-omvarlden-uppmanas-ata-mer-fett-och-rott-kott\" rel=\"nofollow noopener\" target=\"_blank\">USA:s nya kostr\u00e5d chockar omv\u00e4rlden \u2013 uppmanas \u00e4ta fett och r\u00f6tt k\u00f6tt<\/a><\/p>\n<p><a href=\"https:\/\/www.news55.se\/halsa\/aldersleukemi-var-uppmarksam-pa-dessa-symtom\/\" rel=\"nofollow noopener\" target=\"_blank\">\u00c5ldersleukemi: Var uppm\u00e4rksam p\u00e5 dessa symtom<\/a><\/p>\n<p><a href=\"https:\/\/www.news55.se\/privatekonomi\/boende\/djup-orattvisa-nar-aldreboenden-blir-dyrast\/\" rel=\"nofollow noopener\" target=\"_blank\">\u00c4ldre betalar 40 procent mer i hyra: \u201dDjup or\u00e4ttvisa\u201d<\/a><\/p>\n<p><a href=\"https:\/\/www.news55.se\/livsstil\/tvatta-mattorna-i-snon-husmorsknep-som-gor-ullmattor-som-nya\/\" rel=\"nofollow noopener\" target=\"_blank\">Tv\u00e4tta mattorna i sn\u00f6n \u2013 husmorsknep som g\u00f6r ullmattor som nya<\/a><\/p>\n<p>L\u00e4s mer fr\u00e5n News55 &#8211; v\u00e5rt nyhetsbrev \u00e4r kostnadsfritt:Prenumerera<\/p>\n","protected":false},"excerpt":{"rendered":"\u00c5ldersgr\u00e4ns p\u00e5 15 \u00e5r Flera unders\u00f6kningar visar att drycken blivit betydligt vanligare bland unga. Enligt rapporter har andelen&hellip;\n","protected":false},"author":2,"featured_media":133027,"comment_status":"","ping_status":"","sticky":false,"template":"","format":"standard","meta":{"footnotes":""},"categories":[69],"tags":[5444,1589,13542,113,112,13543,34,31,33,32,30],"class_list":{"0":"post-133026","1":"post","2":"type-post","3":"status-publish","4":"format-standard","5":"has-post-thumbnail","7":"category-halsa","8":"tag-aldre","9":"tag-dryck","10":"tag-energidryck","11":"tag-halsa","12":"tag-health","13":"tag-koffein","14":"tag-se","15":"tag-svenska","16":"tag-sverige","17":"tag-sweden","18":"tag-swedish"},"share_on_mastodon":{"url":"https:\/\/pubeurope.com\/@se\/115881364999338742","error":""},"_links":{"self":[{"href":"https:\/\/www.europesays.com\/se\/wp-json\/wp\/v2\/posts\/133026","targetHints":{"allow":["GET"]}}],"collection":[{"href":"https:\/\/www.europesays.com\/se\/wp-json\/wp\/v2\/posts"}],"about":[{"href":"https:\/\/www.europesays.com\/se\/wp-json\/wp\/v2\/types\/post"}],"author":[{"embeddable":true,"href":"https:\/\/www.europesays.com\/se\/wp-json\/wp\/v2\/users\/2"}],"replies":[{"embeddable":true,"href":"https:\/\/www.europesays.com\/se\/wp-json\/wp\/v2\/comments?post=133026"}],"version-history":[{"count":0,"href":"https:\/\/www.europesays.com\/se\/wp-json\/wp\/v2\/posts\/133026\/revisions"}],"wp:featuredmedia":[{"embeddable":true,"href":"https:\/\/www.europesays.com\/se\/wp-json\/wp\/v2\/media\/133027"}],"wp:attachment":[{"href":"https:\/\/www.europesays.com\/se\/wp-json\/wp\/v2\/media?parent=133026"}],"wp:term":[{"taxonomy":"category","embeddable":true,"href":"https:\/\/www.europesays.com\/se\/wp-json\/wp\/v2\/categories?post=133026"},{"taxonomy":"post_tag","embeddable":true,"href":"https:\/\/www.europesays.com\/se\/wp-json\/wp\/v2\/tags?post=133026"}],"curies":[{"name":"wp","href":"https:\/\/api.w.org\/{rel}","templated":true}]}}