{"id":133036,"date":"2026-01-12T09:19:08","date_gmt":"2026-01-12T09:19:08","guid":{"rendered":"https:\/\/www.europesays.com\/se\/133036\/"},"modified":"2026-01-12T09:19:08","modified_gmt":"2026-01-12T09:19:08","slug":"darfor-star-tagen-till-och-fran-umea-vasterbottens-kuriren","status":"publish","type":"post","link":"https:\/\/www.europesays.com\/se\/133036\/","title":{"rendered":"D\u00e4rf\u00f6r st\u00e5r t\u00e5gen till och fr\u00e5n Ume\u00e5 &#8211; V\u00e4sterbottens-Kuriren"},"content":{"rendered":"<ol>\n<li><a href=\"https:\/\/news.google.com\/rss\/articles\/CBMie0FVX3lxTE5fYXBkeS1ZMVBsd1NUWjk2N3VFWWNtSWVDQTZVeVpYM3duQzY2QURscTR2NmNPT2JMQnk0WWNVZVNYRkZPVHZVS3BxTWxzcGEwYV9Ic0U0QjFtMkhja3RZWlIta2pHajlPbWpBU0xCa1R1RGJ4eTdXVnRlYw?oc=5\" target=\"_blank\" rel=\"nofollow noopener\">D\u00e4rf\u00f6r st\u00e5r t\u00e5gen till och fr\u00e5n Ume\u00e5<\/a>&nbsp;&nbsp;V\u00e4sterbottens-Kuriren<\/li>\n<li><a href=\"https:\/\/news.google.com\/rss\/articles\/CBMihAFBVV95cUxQa2JFalNmMFRNelh1Qi1mLUhFb1FfODhGMmh5TUU2VDV6MmNYQktPd3hUaXFpOVhMQlV0V21iZDE4WU1IVjJNeER3ZVZGZS02ZldCY3E5TGhyWUJyZU9YQmpObDhIRGN6WlFZcm5uUDdReWNxd2tLVXRPVS1sRVFqd1FKZS0?oc=5\" target=\"_blank\" rel=\"nofollow noopener\">X-t\u00e5g st\u00e4ller in trafiken mellan G\u00e4vle och Sundsvall<\/a>&nbsp;&nbsp;SVT Nyheter<\/li>\n<li><a href=\"https:\/\/news.google.com\/rss\/articles\/CBMimwFBVV95cUxPYjRWRmlrTE52Q0pnN0RMWFdhVjhjQUprWUJmXzY3U0hmcnhuSGlwTnoxV3p1dHBOdWpLaWcxbk9YR3BhMHVqekIzMUhTZUswYUp1WkptOUhWV0xRTHNkdHFOSjM4U3daWGZBYnNBbHVWZzk1Z25XTGd3Ujl2LTQ0SmRkS3pSOEdFemI3cTFwN1E1MjB0N3NJUnhnWQ?oc=5\" target=\"_blank\" rel=\"nofollow noopener\">Trafikverket: D\u00e4rf\u00f6r stoppades t\u00e5gen \u2013 trots lite sn\u00f6 i l\u00e4net<\/a>&nbsp;&nbsp;Sveriges Radio<\/li>\n<li><a href=\"https:\/\/news.google.com\/rss\/articles\/CBMiZkFVX3lxTFB4Z1drMTFQVzZyQ1NwRGdjbVlkVXBZZWdxd1p6MmF2U1A4SEZCbi03NzFjWmJDRm9jQmh3bkdSSWFuLXdDQi1zRjB3Q2hheXJxbG92R29ZSWtZeGRSNjVBQlhqT012Zw?oc=5\" target=\"_blank\" rel=\"nofollow noopener\">Botten \u00e4r n\u00e5dd, nu blir det b\u00e4ttre<\/a>&nbsp;&nbsp;J\u00e4rnv\u00e4gar.nu<\/li>\n<li><a href=\"https:\/\/news.google.com\/rss\/articles\/CBMiakFVX3lxTE94bFB1SXRkTWJhMkNNYlpRMDluR19KdjU3M2FPclFTazJnWEJYVVlSb25jendGNWFKYnh0TGhaN0l4YmptUzdrWnJmaTROb0ZzTXV2SDFYR2ZUWjFtSkNKZnpsb0UwTTNYMUE?oc=5\" target=\"_blank\" rel=\"nofollow noopener\">Inst\u00e4llda t\u00e5g i \u00d6-vik<\/a>&nbsp;&nbsp;Allehanda.se<\/li>\n<\/ol>\n","protected":false},"excerpt":{"rendered":"D\u00e4rf\u00f6r st\u00e5r t\u00e5gen till och fr\u00e5n Ume\u00e5&nbsp;&nbsp;V\u00e4sterbottens-Kuriren X-t\u00e5g st\u00e4ller in trafiken mellan G\u00e4vle och Sundsvall&nbsp;&nbsp;SVT Nyheter Trafikverket: D\u00e4rf\u00f6r&hellip;\n","protected":false},"author":2,"featured_media":133037,"comment_status":"","ping_status":"","sticky":false,"template":"","format":"standard","meta":{"footnotes":""},"categories":[12],"tags":[22,23,26,27,17,21,24,25,28,29,15,16,18,34,31,33,32,30,19,20],"class_list":{"0":"post-133036","1":"post","2":"type-post","3":"status-publish","4":"format-standard","5":"has-post-thumbnail","7":"category-sverige","8":"tag-breaking-news","9":"tag-breakingnews","10":"tag-featured-news","11":"tag-featurednews","12":"tag-headlines","13":"tag-huvudnyheter","14":"tag-latest-news","15":"tag-latestnews","16":"tag-main-news","17":"tag-mainnews","18":"tag-news","19":"tag-nyheter","20":"tag-rubriker","21":"tag-se","22":"tag-svenska","23":"tag-sverige","24":"tag-sweden","25":"tag-swedish","26":"tag-top-stories","27":"tag-topstories"},"share_on_mastodon":{"url":"https:\/\/pubeurope.com\/@se\/115881388510806449","error":""},"_links":{"self":[{"href":"https:\/\/www.europesays.com\/se\/wp-json\/wp\/v2\/posts\/133036","targetHints":{"allow":["GET"]}}],"collection":[{"href":"https:\/\/www.europesays.com\/se\/wp-json\/wp\/v2\/posts"}],"about":[{"href":"https:\/\/www.europesays.com\/se\/wp-json\/wp\/v2\/types\/post"}],"author":[{"embeddable":true,"href":"https:\/\/www.europesays.com\/se\/wp-json\/wp\/v2\/users\/2"}],"replies":[{"embeddable":true,"href":"https:\/\/www.europesays.com\/se\/wp-json\/wp\/v2\/comments?post=133036"}],"version-history":[{"count":0,"href":"https:\/\/www.europesays.com\/se\/wp-json\/wp\/v2\/posts\/133036\/revisions"}],"wp:featuredmedia":[{"embeddable":true,"href":"https:\/\/www.europesays.com\/se\/wp-json\/wp\/v2\/media\/133037"}],"wp:attachment":[{"href":"https:\/\/www.europesays.com\/se\/wp-json\/wp\/v2\/media?parent=133036"}],"wp:term":[{"taxonomy":"category","embeddable":true,"href":"https:\/\/www.europesays.com\/se\/wp-json\/wp\/v2\/categories?post=133036"},{"taxonomy":"post_tag","embeddable":true,"href":"https:\/\/www.europesays.com\/se\/wp-json\/wp\/v2\/tags?post=133036"}],"curies":[{"name":"wp","href":"https:\/\/api.w.org\/{rel}","templated":true}]}}