{"id":133038,"date":"2026-01-12T09:20:06","date_gmt":"2026-01-12T09:20:06","guid":{"rendered":"https:\/\/www.europesays.com\/se\/133038\/"},"modified":"2026-01-12T09:20:06","modified_gmt":"2026-01-12T09:20:06","slug":"metabolt-bmi-visar-sjukdomsrisk-aven-vid-normalvikt-2","status":"publish","type":"post","link":"https:\/\/www.europesays.com\/se\/133038\/","title":{"rendered":"Metabolt BMI visar sjukdomsrisk \u00e4ven vid normalvikt"},"content":{"rendered":"<p>Personer med normal vikt kan ocks\u00e5 vara i riskzonen f\u00f6r diabetes och liknande sjukdomar. En studie visar p\u00e5 en upp till femfaldigt h\u00f6gre riskniv\u00e5 hos dem med ov\u00e4ntat h\u00f6gt s\u00e5 kallat metabolt BMI.<\/p>\n<p>Konventionellt BMI har visat sig vara ett f\u00f6r trubbigt verktyg f\u00f6r att bed\u00f6ma riskerna f\u00f6r metabola sjukdomar, exempelvis diabetes och insulinrubbningar. BMI bygger enbart p\u00e5 en persons l\u00e4ngd och vikt och ger ett v\u00e4rde i n\u00e5gon av kategorierna undervikt, normalvikt, \u00f6vervikt eller fetma.<\/p>\n<p>Metabolt BMI d\u00e4remot unders\u00f6ker \u00f6verviktsliknande f\u00f6r\u00e4ndringar i \u00e4mnesoms\u00e4ttningen som kan finnas \u00e4ven vid normalvikt. <\/p>\n<p>Forskare vid G\u00f6teborgs universitet har unders\u00f6kt 1 408 personer f\u00f6r att se hur stora riskerna \u00e4r hos personer vars metabola BMI ligger h\u00f6gre \u00e4n deras konventionella BMI.<\/p>\n<p><strong>Metabolt BMI kopplas till h\u00f6gre risk f\u00f6r flera sjukdomar<\/strong><\/p>\n<p>Resultaten visar att ov\u00e4ntat h\u00f6gt metabolt BMI \u00e4r kopplat till mellan tv\u00e5 och fem g\u00e5nger h\u00f6gre risk f\u00f6r en rad sjukdomar och tillst\u00e5nd: fettlever, diabetes, fettansamlingar runt inre organ, insulinresistens, h\u00f6g insulinniv\u00e5, inflammationer, och \u00e4ven s\u00e4mre viktminskning vid fetmakirurgi. <\/p>\n<p>Metabol oh\u00e4lsa syns helt enkelt inte alltid p\u00e5 v\u00e5gen.<\/p>\n<p>\u2013 Tv\u00e5 personer med samma BMI kan ha helt olika riskprofil beroende p\u00e5 hur deras metabolism och fettv\u00e4vnad fungerar, s\u00e4ger Rima Chakaroun, forskare p\u00e5 Sahlgrenska akademin vid G\u00f6teborgs universitet, i ett pressmeddelande.<\/p>\n<p>Det metabola BMI som forskarna utvecklat bygger p\u00e5 avancerade s\u00e5 kallade metabolomiska analyser, allts\u00e5 m\u00e4tningar av hundratals sm\u00e5 molekyler i blodet kopplade till cellernas \u00e4mnesoms\u00e4ttning.<\/p>\n<p>M\u00e5ttet har visat sig b\u00e4ttre \u00f6verensst\u00e4mma med kroppens faktiska metabola h\u00e4lsotillst\u00e5nd, inklusive risken f\u00f6r hj\u00e4rt-k\u00e4rlsjukdom.<\/p>\n<p><strong>Kopplat till tarmbakterier<\/strong><\/p>\n<p>Ett centralt fynd i studien \u00e4r en stark koppling mellan metabolt BMI och sammans\u00e4ttningen av bakterier i tarmen, tarmens mikrobiota. Personer med h\u00f6gre metabolt BMI hade en tarmmikrobiota med s\u00e4mre m\u00e5ngfald och minskad potential att bryta ned kostfibrer till sm\u00f6rsyra, vilket tidigare kopplats till inflammation och \u00f6kad sjukdomsrisk.<\/p>\n<p>Forskarna menar att metabolt BMI kan bli ett verktyg f\u00f6r att identifiera personer med metabolt oh\u00e4lsosam fetma, \u00e4ven om de inte uppfyller traditionella BMI-gr\u00e4nser.<\/p>\n<p>\u2013 Det traditionella BMI missar ofta de personer som har normal vikt men h\u00f6g metabol risk. Metabolt BMI kan bidra till en mer r\u00e4ttvis och precis bed\u00f6mning av sjukdomsrisk, och d\u00e4rmed bana v\u00e4g f\u00f6r mer individanpassad prevention och behandling, s\u00e4ger Fredrik B\u00e4ckhed, <a class=\"glossaryLink\" aria-describedby=\"tt\" data-cmtooltip=\"&lt;div class=glossaryItemBody&gt; Professor \u00e4r den h\u00f6gsta titeln p\u00e5 universitet eller h\u00f6gskola. Professorn forskar, undervisar och handleder doktorander.&lt;br\/&gt;I  ...&lt;\/div&gt;&lt;div class=glossaryTooltipMoreLinkWrapper&gt;&lt;a class=glossaryTooltipMoreLink href=https:\/\/forskning.se\/ordlista\/professor\/ &gt;L\u00e4s mer&lt;\/a&gt;&lt;\/div&gt;\" href=\"https:\/\/forskning.se\/ordlista\/professor\/\" data-mobile-support=\"0\" data-gt-translate-attributes=\"[{\" attribute=\"\" tabindex=\"0\" role=\"link\" rel=\"nofollow noopener\" target=\"_blank\">professor<\/a> p\u00e5 Sahlgrenska akademin vid G\u00f6teborgs universitet.<\/p>\n<p>Studien understryker ocks\u00e5 att genetiska faktorer har mindre betydelse f\u00f6r metabolt BMI \u00e4n livsstil och milj\u00f6, vilket pekar p\u00e5 m\u00f6jligheten att p\u00e5verka sin metabola h\u00e4lsa genom kost, fysisk aktivitet och tarmflorans sammans\u00e4ttning.<\/p>\n<p>Vetenskaplig artikel:<\/p>\n<p><a href=\"https:\/\/doi.org\/10.1038\/s41591-025-04009-7\" rel=\"nofollow noopener\" target=\"_blank\">Multi-omic definition of metabolic obesity through adipose tissue-microbiome interactions<\/a>, Nature Medicine.<\/p>\n","protected":false},"excerpt":{"rendered":"Personer med normal vikt kan ocks\u00e5 vara i riskzonen f\u00f6r diabetes och liknande sjukdomar. En studie visar p\u00e5&hellip;\n","protected":false},"author":2,"featured_media":133039,"comment_status":"","ping_status":"","sticky":false,"template":"","format":"standard","meta":{"footnotes":""},"categories":[5],"tags":[22,23,26,27,17,21,24,25,28,29,15,505,16,18,34,31,33,32,30,19,20],"class_list":{"0":"post-133038","1":"post","2":"type-post","3":"status-publish","4":"format-standard","5":"has-post-thumbnail","7":"category-rubriker","8":"tag-breaking-news","9":"tag-breakingnews","10":"tag-featured-news","11":"tag-featurednews","12":"tag-headlines","13":"tag-huvudnyheter","14":"tag-latest-news","15":"tag-latestnews","16":"tag-main-news","17":"tag-mainnews","18":"tag-news","19":"tag-nyhet","20":"tag-nyheter","21":"tag-rubriker","22":"tag-se","23":"tag-svenska","24":"tag-sverige","25":"tag-sweden","26":"tag-swedish","27":"tag-top-stories","28":"tag-topstories"},"share_on_mastodon":{"url":"https:\/\/pubeurope.com\/@se\/115881392394283080","error":""},"_links":{"self":[{"href":"https:\/\/www.europesays.com\/se\/wp-json\/wp\/v2\/posts\/133038","targetHints":{"allow":["GET"]}}],"collection":[{"href":"https:\/\/www.europesays.com\/se\/wp-json\/wp\/v2\/posts"}],"about":[{"href":"https:\/\/www.europesays.com\/se\/wp-json\/wp\/v2\/types\/post"}],"author":[{"embeddable":true,"href":"https:\/\/www.europesays.com\/se\/wp-json\/wp\/v2\/users\/2"}],"replies":[{"embeddable":true,"href":"https:\/\/www.europesays.com\/se\/wp-json\/wp\/v2\/comments?post=133038"}],"version-history":[{"count":0,"href":"https:\/\/www.europesays.com\/se\/wp-json\/wp\/v2\/posts\/133038\/revisions"}],"wp:featuredmedia":[{"embeddable":true,"href":"https:\/\/www.europesays.com\/se\/wp-json\/wp\/v2\/media\/133039"}],"wp:attachment":[{"href":"https:\/\/www.europesays.com\/se\/wp-json\/wp\/v2\/media?parent=133038"}],"wp:term":[{"taxonomy":"category","embeddable":true,"href":"https:\/\/www.europesays.com\/se\/wp-json\/wp\/v2\/categories?post=133038"},{"taxonomy":"post_tag","embeddable":true,"href":"https:\/\/www.europesays.com\/se\/wp-json\/wp\/v2\/tags?post=133038"}],"curies":[{"name":"wp","href":"https:\/\/api.w.org\/{rel}","templated":true}]}}