{"id":133047,"date":"2026-01-12T09:27:06","date_gmt":"2026-01-12T09:27:06","guid":{"rendered":"https:\/\/www.europesays.com\/se\/133047\/"},"modified":"2026-01-12T09:27:06","modified_gmt":"2026-01-12T09:27:06","slug":"korset-en-ovanlig-syn-i-tidningarnas-dodsannonser","status":"publish","type":"post","link":"https:\/\/www.europesays.com\/se\/133047\/","title":{"rendered":"Korset en ovanlig syn i tidningarnas d\u00f6dsannonser"},"content":{"rendered":"<p class=\"kicker \" style=\"\">Nyhet<\/p>\n<p>    Motiv d\u00e4r eviga v\u00e4rden bara anas och personliga symboler har tr\u00e4ngt undan det klassiska korset. &#8221;Det finns en \u00f6nskan i dag om att vara oerh\u00f6rt originell. Det \u00e5terspeglas ocks\u00e5 i annonserna&#8221;, s\u00e4ger forskaren Lena Rogstr\u00f6m.<\/p>\n<p>\n        Att i d\u00f6dsannonser ge en personligare bild av den avlinde, som att hen hade intresse f\u00f6r bilar eller gitarr, har blivit vanligare.<br \/>\n        Mikael M Johansson\n    <\/p>\n<p>P\u00e5 50 \u00e5r har kors g\u00e5tt fr\u00e5n att vara i stort sett den enda symbolen i tidningarnas d\u00f6dsannonser till att bli en liten del i m\u00e4ngden.\u00a0<\/p>\n<p>                Prenumerera p\u00e5 Kyrkans Tidning<br \/>\n                Tre m\u00e5nader f\u00f6r 49 kr<br \/>D\u00e4refter 50 % rabatt i ett halv\u00e5r. Avsluta n\u00e4r du vill.<\/p>\n<ul style=\"font-size:0.8em\">\n<li>\u2022 Eget konto med full tillg\u00e5ng till kyrkanstidning.se<\/li>\n<li>\u2022 E-tidning &#8211; papperstidningen i digital form<\/li>\n<li>\u2022 Nyhetsbrev, temabilagor, poddar, quiz<\/li>\n<\/ul>\n<p>Ord pris 130 kr\/m\u00e5n<\/p>\n<p>\n                    <a class=\"lab-paywall-teaser-offer-button\" href=\"https:\/\/api.kyrkanstidning.se\/paywall\/order?providerUrl=https%3A%2F%2Fauth.kyrkanstidning.se%2Fpurchase%2Fkampanjer%2F3man49&amp;siteAlias=kyrkanstidning&amp;&amp;siteId=2&amp;contentUrl=https%3A%2F%2Fwww.kyrkanstidning.se%2Fnyhet%2Fkorset-en-ovanlig-syn-i-tidningarnas-doedsannonser%2F420319\" rel=\"nofollow noopener\" target=\"_blank\">K\u00d6P<\/a>\n                <\/p>\n","protected":false},"excerpt":{"rendered":"Nyhet Motiv d\u00e4r eviga v\u00e4rden bara anas och personliga symboler har tr\u00e4ngt undan det klassiska korset. &#8221;Det finns&hellip;\n","protected":false},"author":2,"featured_media":133048,"comment_status":"","ping_status":"","sticky":false,"template":"","format":"standard","meta":{"footnotes":""},"categories":[12],"tags":[22,23,26,27,17,21,24,25,28,29,15,16,18,34,31,33,32,30,19,20],"class_list":{"0":"post-133047","1":"post","2":"type-post","3":"status-publish","4":"format-standard","5":"has-post-thumbnail","7":"category-sverige","8":"tag-breaking-news","9":"tag-breakingnews","10":"tag-featured-news","11":"tag-featurednews","12":"tag-headlines","13":"tag-huvudnyheter","14":"tag-latest-news","15":"tag-latestnews","16":"tag-main-news","17":"tag-mainnews","18":"tag-news","19":"tag-nyheter","20":"tag-rubriker","21":"tag-se","22":"tag-svenska","23":"tag-sverige","24":"tag-sweden","25":"tag-swedish","26":"tag-top-stories","27":"tag-topstories"},"share_on_mastodon":{"url":"https:\/\/pubeurope.com\/@se\/115881420411221932","error":""},"_links":{"self":[{"href":"https:\/\/www.europesays.com\/se\/wp-json\/wp\/v2\/posts\/133047","targetHints":{"allow":["GET"]}}],"collection":[{"href":"https:\/\/www.europesays.com\/se\/wp-json\/wp\/v2\/posts"}],"about":[{"href":"https:\/\/www.europesays.com\/se\/wp-json\/wp\/v2\/types\/post"}],"author":[{"embeddable":true,"href":"https:\/\/www.europesays.com\/se\/wp-json\/wp\/v2\/users\/2"}],"replies":[{"embeddable":true,"href":"https:\/\/www.europesays.com\/se\/wp-json\/wp\/v2\/comments?post=133047"}],"version-history":[{"count":0,"href":"https:\/\/www.europesays.com\/se\/wp-json\/wp\/v2\/posts\/133047\/revisions"}],"wp:featuredmedia":[{"embeddable":true,"href":"https:\/\/www.europesays.com\/se\/wp-json\/wp\/v2\/media\/133048"}],"wp:attachment":[{"href":"https:\/\/www.europesays.com\/se\/wp-json\/wp\/v2\/media?parent=133047"}],"wp:term":[{"taxonomy":"category","embeddable":true,"href":"https:\/\/www.europesays.com\/se\/wp-json\/wp\/v2\/categories?post=133047"},{"taxonomy":"post_tag","embeddable":true,"href":"https:\/\/www.europesays.com\/se\/wp-json\/wp\/v2\/tags?post=133047"}],"curies":[{"name":"wp","href":"https:\/\/api.w.org\/{rel}","templated":true}]}}