{"id":133059,"date":"2026-01-12T09:35:07","date_gmt":"2026-01-12T09:35:07","guid":{"rendered":"https:\/\/www.europesays.com\/se\/133059\/"},"modified":"2026-01-12T09:35:07","modified_gmt":"2026-01-12T09:35:07","slug":"sa-mycket-hojs-obo-hyrorna-2026","status":"publish","type":"post","link":"https:\/\/www.europesays.com\/se\/133059\/","title":{"rendered":"S\u00e5 mycket h\u00f6js \u00d6bo-hyrorna 2026"},"content":{"rendered":"<p>Detta g\u00e4ller \u00e4ven f\u00f6r f\u00f6rr\u00e5d, lokaler med f\u00f6rhandlingsklausul, garage och parkeringsplatser.<\/p>\n<p>Studentl\u00e4genheter f\u00e5r samma h\u00f6jning men fr\u00e5n 1 augusti 2026.<\/p>\n<p>Bost\u00e4der med kallhyra h\u00f6js med 3,95 procent fr\u00e5n 1 februari. Den l\u00e4gre h\u00f6jningen motiveras genom att kostnaderna f\u00f6r uppv\u00e4rmning har \u00f6kat betydligt de senaste \u00e5ren.<\/p>\n<p>Nyproducerade bost\u00e4der med de h\u00f6gsta hyrorna f\u00e5r l\u00e4gst h\u00f6jning, 3,15 procent, fr\u00e5n och med 1 februari.<\/p>\n<p>Detta g\u00e4ller \u00e4ven nyrenoverade bost\u00e4der i Vivalla, Varberga och V\u00e4sthaga, d\u00e4r hyresniv\u00e5erna idag ligger h\u00f6gre \u00e4n genomsnittet.<\/p>\n","protected":false},"excerpt":{"rendered":"Detta g\u00e4ller \u00e4ven f\u00f6r f\u00f6rr\u00e5d, lokaler med f\u00f6rhandlingsklausul, garage och parkeringsplatser. Studentl\u00e4genheter f\u00e5r samma h\u00f6jning men fr\u00e5n 1&hellip;\n","protected":false},"author":2,"featured_media":133060,"comment_status":"","ping_status":"","sticky":false,"template":"","format":"standard","meta":{"footnotes":""},"categories":[12],"tags":[22,23,26,27,17,21,24,25,28,29,15,16,18,34,31,33,32,30,19,20],"class_list":{"0":"post-133059","1":"post","2":"type-post","3":"status-publish","4":"format-standard","5":"has-post-thumbnail","7":"category-sverige","8":"tag-breaking-news","9":"tag-breakingnews","10":"tag-featured-news","11":"tag-featurednews","12":"tag-headlines","13":"tag-huvudnyheter","14":"tag-latest-news","15":"tag-latestnews","16":"tag-main-news","17":"tag-mainnews","18":"tag-news","19":"tag-nyheter","20":"tag-rubriker","21":"tag-se","22":"tag-svenska","23":"tag-sverige","24":"tag-sweden","25":"tag-swedish","26":"tag-top-stories","27":"tag-topstories"},"share_on_mastodon":{"url":"https:\/\/pubeurope.com\/@se\/115881451552831613","error":""},"_links":{"self":[{"href":"https:\/\/www.europesays.com\/se\/wp-json\/wp\/v2\/posts\/133059","targetHints":{"allow":["GET"]}}],"collection":[{"href":"https:\/\/www.europesays.com\/se\/wp-json\/wp\/v2\/posts"}],"about":[{"href":"https:\/\/www.europesays.com\/se\/wp-json\/wp\/v2\/types\/post"}],"author":[{"embeddable":true,"href":"https:\/\/www.europesays.com\/se\/wp-json\/wp\/v2\/users\/2"}],"replies":[{"embeddable":true,"href":"https:\/\/www.europesays.com\/se\/wp-json\/wp\/v2\/comments?post=133059"}],"version-history":[{"count":0,"href":"https:\/\/www.europesays.com\/se\/wp-json\/wp\/v2\/posts\/133059\/revisions"}],"wp:featuredmedia":[{"embeddable":true,"href":"https:\/\/www.europesays.com\/se\/wp-json\/wp\/v2\/media\/133060"}],"wp:attachment":[{"href":"https:\/\/www.europesays.com\/se\/wp-json\/wp\/v2\/media?parent=133059"}],"wp:term":[{"taxonomy":"category","embeddable":true,"href":"https:\/\/www.europesays.com\/se\/wp-json\/wp\/v2\/categories?post=133059"},{"taxonomy":"post_tag","embeddable":true,"href":"https:\/\/www.europesays.com\/se\/wp-json\/wp\/v2\/tags?post=133059"}],"curies":[{"name":"wp","href":"https:\/\/api.w.org\/{rel}","templated":true}]}}