{"id":133061,"date":"2026-01-12T09:36:07","date_gmt":"2026-01-12T09:36:07","guid":{"rendered":"https:\/\/www.europesays.com\/se\/133061\/"},"modified":"2026-01-12T09:36:07","modified_gmt":"2026-01-12T09:36:07","slug":"ny-hyra-for-2026-orebrobostader-ab","status":"publish","type":"post","link":"https:\/\/www.europesays.com\/se\/133061\/","title":{"rendered":"Ny hyra f\u00f6r 2026 | \u00d6rebroBost\u00e4der AB"},"content":{"rendered":"<p>\n          Pressmeddelande &#8211;<br \/>\n12 Januari 2026 10:00<\/p>\n<p>    Dela<\/p>\n<p>\n          L\u00e4nk kopierad!\n        <\/p>\n<p>          <a class=\"ghost-btn-with-icon svg-stroke\" rel=\"nofollow noopener\" aria-label=\"Ladda ned som PDF\" href=\"https:\/\/www.mynewsdesk.com\/se\/orebrobostader\/pressreleases\/ny-hyra-foer-2026-3424220.pdf\" target=\"_blank\"><\/p>\n<p>            Ladda ner<br \/>\n<\/a>      <\/p>\n<p><strong>\u00d6rebroBost\u00e4der (\u00d6BO) och Hyresg\u00e4stf\u00f6reningen har kommit \u00f6verens om ny hyresniv\u00e5 f\u00f6r 2026. \u00d6verenskommelsen tar h\u00e4nsyn till att \u00f6kade kostnader p\u00e5verkar hyresg\u00e4sternas ekonomi, samtidigt som den ger \u00d6BO m\u00f6jlighet att fortsatt vara en stark samh\u00e4llsakt\u00f6r som utvecklar goda boendemilj\u00f6er i ett h\u00e5llbart och attraktivt \u00d6rebro.<\/strong><\/p>\n<p>\u00d6verenskommelsen inneb\u00e4r en hyresh\u00f6jning p\u00e5 4,27 procent fr\u00e5n och med 1 februari 2026. Ingen retroaktiv hyresh\u00f6jning tas ut f\u00f6r januari. Studentl\u00e4genheter f\u00e5r samma h\u00f6jning men f\u00f6rst fr\u00e5n 1 augusti 2026.<\/p>\n<p>En n\u00e5got l\u00e4gre hyresh\u00f6jning p\u00e5 3,15 respektive 3,95 procent tas ut f\u00f6r renoverade bost\u00e4der med j\u00e4mf\u00f6relsevis h\u00f6gre hyresniv\u00e5er i Vivalla, Varberga och V\u00e4sthaga, nyproducerade bost\u00e4der med h\u00f6gre hyror samt bost\u00e4der med kallhyra.<\/p>\n<p>F\u00f6ruts\u00e4ttning f\u00f6r en stabil ekonomi<\/p>\n<p>\u00c5rets h\u00f6jning ska ses i ett l\u00e5ngsiktigt perspektiv och utg\u00e5r fr\u00e5n \u00d6BOs ansvar att vara en stark allm\u00e4nnytta \u00f6ver tid, som bidrar till utvecklingen av hela \u00d6rebro. I f\u00f6rhandlingsprocessen har \u00d6BO och Hyresg\u00e4stf\u00f6reningen tillsammans ett ansvar f\u00f6r att hitta en hyresniv\u00e5 som \u00e4r rimlig b\u00e5de p\u00e5 kort och l\u00e5ng sikt.<\/p>\n<p>\u2013 F\u00f6r att m\u00f6ta kostnaderna och s\u00e4kra \u00d6BOs l\u00e5ngsiktiga f\u00f6rm\u00e5ga skulle vi egentligen en beh\u00f6va en h\u00f6gre h\u00f6jning, men i f\u00f6rhandlingen enades vi om 4,27 procent. F\u00f6r \u00d6BO \u00e4r det viktigt att skapa stabila ekonomiska f\u00f6ruts\u00e4ttningar f\u00f6r att kunna forts\u00e4tta f\u00f6rvalta, renovera och utveckla v\u00e5ra bostadsomr\u00e5den. Samtidigt ska vi ocks\u00e5 forts\u00e4tta utveckla social, ekologisk och ekonomisk h\u00e5llbar verksamhet \u2013 fr\u00e5n trygga och v\u00e4lsk\u00f6tta omr\u00e5den till energieffektiviseringar och satsningar som st\u00e4rker gemenskap, trygghet och utveckling i stadsdelarna, s\u00e4ger Petra Karlsson Ekstr\u00f6m, vd p\u00e5 \u00d6BO.<\/p>\n<p>\u00d6BO forts\u00e4tter d\u00e4rmed att konsolidera och st\u00e4rka ekonomin, varf\u00f6r exempelvis ingen utdelning gjordes under 2024 och 2025. N\u00e5gon utdelning g\u00f6rs inte heller 2026.<\/p>\n<p>L\u00e4gre kostnadsniv\u00e5 och l\u00e4gre h\u00f6jningar<\/p>\n<p>\u00d6BOs f\u00f6ruts\u00e4ttningar skiljer sig delvis fr\u00e5n m\u00e5nga andra bostadsf\u00f6retag. De senaste \u00e5ren har \u00d6BO tagit ut l\u00e4gre hyresh\u00f6jningar \u00e4n m\u00e5nga andra akt\u00f6rer och f\u00f6retagets hyresniv\u00e5er \u00e4r fortsatt relativt l\u00e5ga.<\/p>\n<p>Carl Johan Baatz, aff\u00e4rsutvecklingschef och vice vd p\u00e5 \u00d6BO, ser ocks\u00e5 andra skillnader:<\/p>\n<p>\u2013 \u00d6BO har en kostnadsniv\u00e5 som ligger l\u00e4gre \u00e4n hos m\u00e5nga andra j\u00e4mf\u00f6rbara allm\u00e4nnyttiga bostadsbolag, vilket \u00e4r resultatet av att vi arbetat intensivt med att effektivisera verksamheten. Men trots den l\u00e5ga kostnadsniv\u00e5n redovisar vi j\u00e4mf\u00f6relsevis ett l\u00e4gre resultat. P\u00e5 sikt g\u00f6r det att vi f\u00e5r s\u00e4mre f\u00f6ruts\u00e4ttningar att m\u00f6ta renoveringsbehovet i v\u00e5ra fastigheter och att klara det allm\u00e4nnyttiga uppdraget. <\/p>\n<p>Hyresjustering 2026<\/p>\n<ul>\n<li>Bostadshyrorna h\u00f6js med 4,27 procent fr\u00e5n 1 februari 2026. Detta g\u00e4ller \u00e4ven f\u00f6r f\u00f6rr\u00e5d, lokaler med f\u00f6rhandlingsklausul, garage och parkeringsplatser. <\/li>\n<li>Nyproducerade bost\u00e4der med de h\u00f6gsta hyrorna f\u00e5r en l\u00e4gre h\u00f6jning med 3,15 procent fr\u00e5n och med 1 februari 2026, liksom de nyrenoverade bost\u00e4der i Vivalla, Varberga och V\u00e4sthaga, d\u00e4r hyresniv\u00e5erna idag ligger h\u00f6gre \u00e4n genomsnittet. Genom att h\u00e5lla nere h\u00f6jningen kan vi skapa en mer l\u00e5ngsiktigt h\u00e5llbar hyresutveckling. <\/li>\n<li>Bost\u00e4der med kallhyra h\u00f6js med 3,95 procent fr\u00e5n 1 februari 2026. Den l\u00e4gre h\u00f6jningen motiveras genom att kostnaderna f\u00f6r uppv\u00e4rmning har \u00f6kat betydligt de senaste \u00e5ren.<\/li>\n<li>Studentl\u00e4genheter h\u00f6js med 4,27 procent fr\u00e5n 1 augusti 2026.<\/li>\n<\/ul>\n<p>F\u00f6r mer information v\u00e4nligen kontakta:<\/p>\n<p>Carl-Johan Baatz, aff\u00e4rsutvecklingschef och vice vd<br \/><a href=\"https:\/\/www.mynewsdesk.com\/se\/orebrobostader\/pressreleases\/mailto:carl-johan.baatz@obo.se\" target=\"_blank\" rel=\"nofollow noopener\">carl-johan.baatz@obo.se<\/a><br \/>0707-19 42 97<\/p>\n","protected":false},"excerpt":{"rendered":"Pressmeddelande &#8211; 12 Januari 2026 10:00 Dela L\u00e4nk kopierad! Ladda ner \u00d6rebroBost\u00e4der (\u00d6BO) och Hyresg\u00e4stf\u00f6reningen har kommit \u00f6verens&hellip;\n","protected":false},"author":2,"featured_media":133062,"comment_status":"","ping_status":"","sticky":false,"template":"","format":"standard","meta":{"footnotes":""},"categories":[5],"tags":[13545,22,23,71,26,27,17,21,24,25,28,29,15,16,18,13544,34,31,33,32,30,13546,19,20],"class_list":{"0":"post-133061","1":"post","2":"type-post","3":"status-publish","4":"format-standard","5":"has-post-thumbnail","7":"category-rubriker","8":"tag-attraktiv-stad","9":"tag-breaking-news","10":"tag-breakingnews","11":"tag-ekonomi","12":"tag-featured-news","13":"tag-featurednews","14":"tag-headlines","15":"tag-huvudnyheter","16":"tag-latest-news","17":"tag-latestnews","18":"tag-main-news","19":"tag-mainnews","20":"tag-news","21":"tag-nyheter","22":"tag-rubriker","23":"tag-samhallsbyggare","24":"tag-se","25":"tag-svenska","26":"tag-sverige","27":"tag-sweden","28":"tag-swedish","29":"tag-tillsammans-gor-vi-skillnad","30":"tag-top-stories","31":"tag-topstories"},"share_on_mastodon":{"url":"https:\/\/pubeurope.com\/@se\/115881455295414950","error":""},"_links":{"self":[{"href":"https:\/\/www.europesays.com\/se\/wp-json\/wp\/v2\/posts\/133061","targetHints":{"allow":["GET"]}}],"collection":[{"href":"https:\/\/www.europesays.com\/se\/wp-json\/wp\/v2\/posts"}],"about":[{"href":"https:\/\/www.europesays.com\/se\/wp-json\/wp\/v2\/types\/post"}],"author":[{"embeddable":true,"href":"https:\/\/www.europesays.com\/se\/wp-json\/wp\/v2\/users\/2"}],"replies":[{"embeddable":true,"href":"https:\/\/www.europesays.com\/se\/wp-json\/wp\/v2\/comments?post=133061"}],"version-history":[{"count":0,"href":"https:\/\/www.europesays.com\/se\/wp-json\/wp\/v2\/posts\/133061\/revisions"}],"wp:featuredmedia":[{"embeddable":true,"href":"https:\/\/www.europesays.com\/se\/wp-json\/wp\/v2\/media\/133062"}],"wp:attachment":[{"href":"https:\/\/www.europesays.com\/se\/wp-json\/wp\/v2\/media?parent=133061"}],"wp:term":[{"taxonomy":"category","embeddable":true,"href":"https:\/\/www.europesays.com\/se\/wp-json\/wp\/v2\/categories?post=133061"},{"taxonomy":"post_tag","embeddable":true,"href":"https:\/\/www.europesays.com\/se\/wp-json\/wp\/v2\/tags?post=133061"}],"curies":[{"name":"wp","href":"https:\/\/api.w.org\/{rel}","templated":true}]}}