{"id":133071,"date":"2026-01-12T09:43:08","date_gmt":"2026-01-12T09:43:08","guid":{"rendered":"https:\/\/www.europesays.com\/se\/133071\/"},"modified":"2026-01-12T09:43:08","modified_gmt":"2026-01-12T09:43:08","slug":"ansok-till-feriearbete-under-sportlovet","status":"publish","type":"post","link":"https:\/\/www.europesays.com\/se\/133071\/","title":{"rendered":"Ans\u00f6k till feriearbete under sportlovet"},"content":{"rendered":"<p>                <a href=\"https:\/\/www.svedala.se\/paverka\/nyheter\/\" class=\"backtolist rs_skip_always\" rel=\"nofollow noopener\" target=\"_blank\">Tillbaka till nyhetslistan<\/a><\/p>\n<p>&#13;<br \/>\n                Publicerad 2026-01-12 kl 10:17&#13;\n            <\/p>\n<p><img loading=\"lazy\" decoding=\"async\" src=\"https:\/\/www.europesays.com\/se\/wp-content\/uploads\/2026\/01\/Feriearbete_nyhet_webb.png\" alt=\"\" width=\"1890\" height=\"747\"\/>    <\/p>\n<p class=\"maincontent__ingress\">Nu \u00f6ppnar vi ans\u00f6kningarna till feriearbete under sportlovet. Feriearbete \u00e4r ett bra s\u00e4tt att prova ditt f\u00f6rsta jobb, f\u00e5 erfarenhet av arbetslivet och tj\u00e4na lite extra pengar. <\/p>\n<p>Du kan arbeta inom omr\u00e5den som till exempel fritids, vaktm\u00e4steri eller hos \u00e4ldreomsorgen.\u00a0Ans\u00f6kan \u00f6ppnar idag, 12 januari, och har \u00f6ppet till den 25 januari. Du ans\u00f6ker via v\u00e5r hemsida, i ans\u00f6kan hittar du allt du beh\u00f6ver veta om arbetet.<\/p>\n<p>Vem kan s\u00f6ka?<\/p>\n<p>Du som g\u00e5r i 9:e klass i grundskolan eller g\u00e5r 1:a \u00e5ret p\u00e5 gymnasiet.<br \/>Du som \u00e4r bosatt i Svedala kommun.<br \/>Du som kan arbeta hela vecka 8.<\/p>\n<p><a href=\"https:\/\/jobb.svedala.se\/\/jobs\/1435-feriearbetande-skolungdom-sportlovet-2026\" target=\"_blank\" rel=\"noopener nofollow\">Ans\u00f6k och l\u00e4s mer om feriearbete till sportlovet 2026, \u00d6ppnar ny flik<\/a><\/p>\n","protected":false},"excerpt":{"rendered":"Tillbaka till nyhetslistan &#13; Publicerad 2026-01-12 kl 10:17&#13; Nu \u00f6ppnar vi ans\u00f6kningarna till feriearbete under sportlovet. Feriearbete \u00e4r&hellip;\n","protected":false},"author":2,"featured_media":133072,"comment_status":"","ping_status":"","sticky":false,"template":"","format":"standard","meta":{"footnotes":""},"categories":[12],"tags":[22,23,26,27,17,21,24,25,28,29,15,16,18,34,31,33,32,30,19,20],"class_list":{"0":"post-133071","1":"post","2":"type-post","3":"status-publish","4":"format-standard","5":"has-post-thumbnail","7":"category-sverige","8":"tag-breaking-news","9":"tag-breakingnews","10":"tag-featured-news","11":"tag-featurednews","12":"tag-headlines","13":"tag-huvudnyheter","14":"tag-latest-news","15":"tag-latestnews","16":"tag-main-news","17":"tag-mainnews","18":"tag-news","19":"tag-nyheter","20":"tag-rubriker","21":"tag-se","22":"tag-svenska","23":"tag-sverige","24":"tag-sweden","25":"tag-swedish","26":"tag-top-stories","27":"tag-topstories"},"share_on_mastodon":{"url":"https:\/\/pubeurope.com\/@se\/115881483094017933","error":""},"_links":{"self":[{"href":"https:\/\/www.europesays.com\/se\/wp-json\/wp\/v2\/posts\/133071","targetHints":{"allow":["GET"]}}],"collection":[{"href":"https:\/\/www.europesays.com\/se\/wp-json\/wp\/v2\/posts"}],"about":[{"href":"https:\/\/www.europesays.com\/se\/wp-json\/wp\/v2\/types\/post"}],"author":[{"embeddable":true,"href":"https:\/\/www.europesays.com\/se\/wp-json\/wp\/v2\/users\/2"}],"replies":[{"embeddable":true,"href":"https:\/\/www.europesays.com\/se\/wp-json\/wp\/v2\/comments?post=133071"}],"version-history":[{"count":0,"href":"https:\/\/www.europesays.com\/se\/wp-json\/wp\/v2\/posts\/133071\/revisions"}],"wp:featuredmedia":[{"embeddable":true,"href":"https:\/\/www.europesays.com\/se\/wp-json\/wp\/v2\/media\/133072"}],"wp:attachment":[{"href":"https:\/\/www.europesays.com\/se\/wp-json\/wp\/v2\/media?parent=133071"}],"wp:term":[{"taxonomy":"category","embeddable":true,"href":"https:\/\/www.europesays.com\/se\/wp-json\/wp\/v2\/categories?post=133071"},{"taxonomy":"post_tag","embeddable":true,"href":"https:\/\/www.europesays.com\/se\/wp-json\/wp\/v2\/tags?post=133071"}],"curies":[{"name":"wp","href":"https:\/\/api.w.org\/{rel}","templated":true}]}}