{"id":133080,"date":"2026-01-12T09:51:21","date_gmt":"2026-01-12T09:51:21","guid":{"rendered":"https:\/\/www.europesays.com\/se\/133080\/"},"modified":"2026-01-12T09:51:21","modified_gmt":"2026-01-12T09:51:21","slug":"rutiner-och-regler-racker-inte","status":"publish","type":"post","link":"https:\/\/www.europesays.com\/se\/133080\/","title":{"rendered":"Rutiner och regler r\u00e4cker inte"},"content":{"rendered":"<p>        <img width=\"600\" height=\"300\" class=\"attachment-thumbnail-large size-thumbnail-large lazyload\" alt=\"\" decoding=\"async\" fetchpriority=\"high\" src=\"https:\/\/www.europesays.com\/se\/wp-content\/uploads\/2026\/01\/Koray-Kahruman-liggande.jpg\"  data- data-eio-rwidth=\"600\" data-eio-rheight=\"300\"\/>        <\/p>\n<p>\u201dKonkurrensverket f\u00f6rel\u00e4gger Vaxholms kommun att fatta beslut om riktlinjer f\u00f6r direktupphandling\u201d.\u00a0S\u00e5\u00a0skrev Konkurrensverket i ett pressmeddelande i december.<\/p>\n<p>Bakgrunden \u00e4r att det i LOU finns ett krav om att en upphandlande myndighet \u00e4r skyldig att besluta om s\u00e5dana riktlinjer.<\/p>\n<p>Vaxholms stad har fem m\u00e5nader p\u00e5 sig att ta fram riktlinjerna.<\/p>\n<p>Att det saknas\u00a0politiskt beslutade\u00a0riktlinjer \u00e4r dock inte detsamma som att direktupphandlingarna saknar styrning i Vaxholm, betonar ekonomichef Koray Kahruman.<\/p>\n<p>\u2013 Jag \u00e4r trygg med att vi har bra processer, rutiner och regler\u00a0som f\u00f6ljs, s\u00e4ger han.<\/p>\n<p>Befintliga styrdokument\u00a0ska nu\u00a0bearbetas\u00a0och\u00a0f\u00f6rpackas till\u00a0riktlinjer som kommunstyrelsen ska fatta beslut om under v\u00e5ren.<\/p>\n<p>\u2013 Vi\u00a0\u00e4r i en rekryteringsprocess av en ny upphandlingschef som kommer leda arbetet med riktlinjer f\u00f6r direktupphandling,\u00a0s\u00e4ger Koray Kahruman.<\/p>\n<p>S\u00e5 h\u00e4r motiverar Konkurrensverket kravet p\u00e5 politiskt beslutade riktlinjer:<\/p>\n<p>\u201dAtt riktlinjerna \u00e4r beslutade s\u00e4kerst\u00e4ller bland annat att de \u00e4r v\u00e4l k\u00e4nda inom organisationen, vilket i sin tur leder till att hanteringen av direktupphandlingar blir konsekvent och att riskerna f\u00f6r \u00f6vertr\u00e4delser av upphandlingsregelverket minskar.\u201d<\/p>\n<p>Vaxholm \u00e4r en av flera kommuner som ing\u00e5r i den granskning som Konkurrensverket genomf\u00f6rde h\u00f6sten 2025 f\u00f6r att unders\u00f6ka om myndigheterna beslutat om riktlinjer f\u00f6r direktupphandling.<\/p>\n","protected":false},"excerpt":{"rendered":"\u201dKonkurrensverket f\u00f6rel\u00e4gger Vaxholms kommun att fatta beslut om riktlinjer f\u00f6r direktupphandling\u201d.\u00a0S\u00e5\u00a0skrev Konkurrensverket i ett pressmeddelande i december. Bakgrunden&hellip;\n","protected":false},"author":2,"featured_media":133081,"comment_status":"","ping_status":"","sticky":false,"template":"","format":"standard","meta":{"footnotes":""},"categories":[12],"tags":[22,23,26,27,17,21,24,25,28,29,15,16,18,34,31,33,32,30,19,20],"class_list":{"0":"post-133080","1":"post","2":"type-post","3":"status-publish","4":"format-standard","5":"has-post-thumbnail","7":"category-sverige","8":"tag-breaking-news","9":"tag-breakingnews","10":"tag-featured-news","11":"tag-featurednews","12":"tag-headlines","13":"tag-huvudnyheter","14":"tag-latest-news","15":"tag-latestnews","16":"tag-main-news","17":"tag-mainnews","18":"tag-news","19":"tag-nyheter","20":"tag-rubriker","21":"tag-se","22":"tag-svenska","23":"tag-sverige","24":"tag-sweden","25":"tag-swedish","26":"tag-top-stories","27":"tag-topstories"},"share_on_mastodon":{"url":"https:\/\/pubeurope.com\/@se\/115881514374454637","error":""},"_links":{"self":[{"href":"https:\/\/www.europesays.com\/se\/wp-json\/wp\/v2\/posts\/133080","targetHints":{"allow":["GET"]}}],"collection":[{"href":"https:\/\/www.europesays.com\/se\/wp-json\/wp\/v2\/posts"}],"about":[{"href":"https:\/\/www.europesays.com\/se\/wp-json\/wp\/v2\/types\/post"}],"author":[{"embeddable":true,"href":"https:\/\/www.europesays.com\/se\/wp-json\/wp\/v2\/users\/2"}],"replies":[{"embeddable":true,"href":"https:\/\/www.europesays.com\/se\/wp-json\/wp\/v2\/comments?post=133080"}],"version-history":[{"count":0,"href":"https:\/\/www.europesays.com\/se\/wp-json\/wp\/v2\/posts\/133080\/revisions"}],"wp:featuredmedia":[{"embeddable":true,"href":"https:\/\/www.europesays.com\/se\/wp-json\/wp\/v2\/media\/133081"}],"wp:attachment":[{"href":"https:\/\/www.europesays.com\/se\/wp-json\/wp\/v2\/media?parent=133080"}],"wp:term":[{"taxonomy":"category","embeddable":true,"href":"https:\/\/www.europesays.com\/se\/wp-json\/wp\/v2\/categories?post=133080"},{"taxonomy":"post_tag","embeddable":true,"href":"https:\/\/www.europesays.com\/se\/wp-json\/wp\/v2\/tags?post=133080"}],"curies":[{"name":"wp","href":"https:\/\/api.w.org\/{rel}","templated":true}]}}