{"id":133088,"date":"2026-01-12T09:59:07","date_gmt":"2026-01-12T09:59:07","guid":{"rendered":"https:\/\/www.europesays.com\/se\/133088\/"},"modified":"2026-01-12T09:59:07","modified_gmt":"2026-01-12T09:59:07","slug":"tove-drabbades-av-forlossningspsykos-nu-vill-hon-oka-kunskapen","status":"publish","type":"post","link":"https:\/\/www.europesays.com\/se\/133088\/","title":{"rendered":"Tove drabbades av f\u00f6rlossningspsykos &#8211; nu vill hon \u00f6ka kunskapen"},"content":{"rendered":"<p>Reproduktiv h\u00e4lsa<br \/>\n<img decoding=\"async\" class=\"b-lazy\" width=\"1060\" height=\"642\" src=\"https:\/\/www.europesays.com\/se\/wp-content\/uploads\/2026\/01\/tovetallungsforlossningspykosprivatgettyimages-1060x642.jpg\" src-small=\"https:\/\/www.vardfokus.se\/wp-content\/uploads\/2025\/12\/tovetallungsforlossningspykosprivatgettyimages-460x279.jpg|https:\/\/www.vardfokus.se\/wp-content\/uploads\/2025\/12\/tovetallungsforlossningspykosprivatgettyimages-780x473.jpg\" src-medium=\"https:\/\/www.vardfokus.se\/wp-content\/uploads\/2025\/12\/tovetallungsforlossningspykosprivatgettyimages-780x473.jpg\" alt=\"Tove drabbades av f\u00f6rlossningspsykos \u2013 nu vill hon \u00f6ka kunskapen\" fetchpriority=\"high\"\/><\/p>\n<p>N\u00e4r Tove Tallungs fick sin f\u00f6rlossningspsykos k\u00e4nde hon sig ensam i sin upplevelse. Nu har hon varit med och byggt f\u00f6reningen Mamma till mammas st\u00f6dverksamhet f\u00f6r andra som drabbas. Foto: Privat och Getty Images.<\/p>\n<p class=\"ingress\">\nF\u00f6r sju \u00e5r sedan drabbades Tove Tallungs av en f\u00f6rlossningspsykos. I dag \u00e4r hon aktiv i Mamma till Mamma som ger st\u00f6d till f\u00f6r\u00e4ldrar och sprider information om psykisk oh\u00e4lsa i samband med graviditet och sm\u00e5barns\u00e5ren. Barnmorskorna Eva Elvin och Lina Palm\u00e9r \u00e4r med i f\u00f6reningens expertgrupp.<\/p>\n<p>De f\u00f6rsta symtomen kom n\u00e4r Tove Tallungs dotter var \u00e5tta veckor gammal.<\/p>\n<p>\u2013 Jag blev f\u00f6rst nedst\u00e4md, men sedan mer uppvarvad. Jag pratade v\u00e4ldigt mycket och var helt inne i min egen v\u00e4rld. Min dotter hade sv\u00e5rt att sova och jag sov d\u00e5ligt p\u00e5 grund av det. Det var inom normalvariationen, men jag blev v\u00e4ldigt uppstressad. Till slut sov jag inte alls, vilket \u00e4r typiskt n\u00e4r man blir manisk, s\u00e4ger Tove Tallungs.<\/p>\n<p>Blev inlagd f\u00f6r f\u00f6rlossningspsykos<\/p>\n<p>Hon s\u00f6kte hj\u00e4lp p\u00e5 flera h\u00e5ll \u2013 inom m\u00f6drav\u00e5rden, barnh\u00e4lsov\u00e5rden, v\u00e5rdcentralen och via en v\u00e5rdapp, men det var f\u00f6rst n\u00e4r hennes partner ringde akutpsykiatrin som det h\u00e4nde n\u00e5got.<\/p>\n<p>\u2013 De sa \u00e5t oss att komma in direkt, annars kunde det bli farligt f\u00f6r oss alla.<\/p>\n<p>Hon blev inlagd och hennes partner fick \u00e5ka hem med dottern. Under v\u00e5rdtiden, som varade i elva dagar, sattes Tove Tallungs in p\u00e5 antipsykotiska l\u00e4kemedel och fick s\u00f6mnmedicin.<\/p>\n<p>\u2013 Det var lite som en s\u00f6mnklinik. Jag kunde vila och fick \u00e5ka p\u00e5 permissioner och bes\u00f6ka min dotter och man hemma.<\/p>\n<p>Omskakande upplevelse<\/p>\n<p>F\u00f6r Tove Tallungs, som inte hade n\u00e5gon erfarenhet av psykisk oh\u00e4lsa sedan tidigare, tog det tog l\u00e5ng tid att bearbeta den omskakande upplevelsen.<\/p>\n<p>\u2013 Jag kunde sitta och l\u00e4sa min journal i tre timmar. Det gav mig d\u00e5ligt samvete, men i dag har jag en mer f\u00f6rl\u00e5tande syn. Jag vet att jag k\u00e4mpade h\u00e5rt under den tiden.<\/p>\n<p>Tova Tallungs k\u00e4nde sig v\u00e4ldigt ensam och n\u00e4r hon googlade runt p\u00e5 n\u00e4tet hittade hon inga som varit med om samma sak. Hon hade var sv\u00e5rt att relatera till andra f\u00f6r\u00e4ldrar i omgivningen.<\/p>\n<p>\u2013 M\u00e5nga vet att man kan drabbas av depression efter att ha f\u00e5tt barn, men en psykos \u00e4r mindre k\u00e4nt. \u00c4ven i v\u00e5rden. De verktyg man anv\u00e4nder f\u00f6r att screena psykisk oh\u00e4lsa uppt\u00e4cker inte psykos, utan de \u00e4r utformade f\u00f6r depression.<\/p>\n<p>St\u00f6d till andra f\u00f6r\u00e4ldrar<\/p>\n<p>I dag \u00e4r Tove Tallungs engagerad i <a href=\"https:\/\/mammatillmamma.com\/\" rel=\"nofollow noopener\" target=\"_blank\">f\u00f6reningen Mamma till mamma.<\/a> Det \u00e4r en ideell organisation vars syfte att f\u00f6rebygga psykisk oh\u00e4lsa i samband med graviditet eller sm\u00e5barnsperiod och fr\u00e4mja tillfrisknandet. De erbjuder kontakt med st\u00f6df\u00f6r\u00e4ldrar och arbetar f\u00f6r att \u00f6ka kunskapen om bland annat <a href=\"https:\/\/www.vardfokus.se\/yrkesroller\/sjukskoterska\/forlossningsdepressioner-blev-varre-med-tiden\/\" rel=\"nofollow noopener\" target=\"_blank\">f\u00f6rlossningsdepression<\/a> och f\u00f6rlossningspsykos.<\/p>\n<p>Varje \u00e5r drabbas mellan 100 till 200 kvinnor av en f\u00f6rlossningspsykos.<\/p>\n<p>\u2013 Det kan vara sv\u00e5rt att uppt\u00e4cka om n\u00e5gon skiftar, man kan upplevas som glad och intensiv. Oftast \u00e4r det anh\u00f6riga som m\u00e4rker att n\u00e5got inte st\u00e4mmer och man beh\u00f6ver ta in deras perspektiv.<\/p>\n<p>Ny film ska \u00f6ka kunskapen om f\u00f6rlossningspsykos<\/p>\n<p>Nyligen publicerade Mamma till mamma filmen <a href=\"https:\/\/www.youtube.com\/watch?v=a-OjDg7VHjM\" rel=\"nofollow noopener\" target=\"_blank\">V\u00e4gen hem \u2013 en resa genom en f\u00f6rlossningspsykos<\/a>. Filmen riktar sig till f\u00f6r\u00e4ldrar, anh\u00f6riga och personal inom v\u00e5rd och utbildning. Den \u00e4r t\u00e4nkt att anv\u00e4ndas som ett diskussionsunderlag.<\/p>\n<p>Barnmorskorna Lina Palm\u00e9r, bitr\u00e4dande professor och docent vid H\u00f6gskolan i Bor\u00e5s och docent Eva Elvin vid Karolinska Institutet sitter med i Mamma till mammas expertgrupp. De hoppas att filmen kan \u00f6ppna upp f\u00f6r samtal b\u00e5de inom professionen och med familjer.<\/p>\n<p><img loading=\"lazy\" decoding=\"async\" width=\"150\" height=\"150\" src=\"https:\/\/www.europesays.com\/se\/wp-content\/uploads\/2026\/01\/linapalmerfotoprivatedited-150x150.jpg\" alt=\"Lina Palme\u0301r&#10;Universitetslektor&#10;Akademin fo\u0308r va\u030ard, arbetsliv och va\u0308lfa\u0308rd&#10;Sektionen fo\u0308r va\u030ardvetenskap&#10;LIP\" class=\"wp-image-205926\"  \/>Lina Palm\u00e9r. Foto: Privat<\/p>\n<p>\u2013 Patientber\u00e4ttelsen lyfter s\u00e5 m\u00e5nga existentiella dimensioner som vi beh\u00f6ver prata om. Det \u00e4r en v\u00e4ldigt s\u00e5rbar tid som nybliven f\u00f6r\u00e4lder. H\u00e4r kan vi i v\u00e5rden ocks\u00e5 f\u00e5 verktyg och m\u00e4nniskor som \u00e4r mitt uppe i det kan f\u00e5 tr\u00f6st och se att det finns en v\u00e4g ut ur det, s\u00e4ger Lina Palm\u00e9r.<\/p>\n<p>Missade f\u00f6rebyggande insatser<\/p>\n<p>\u00c5terfallsrisken i f\u00f6rlossningspsykos \u00e4r 50 procent. N\u00e4r Tove Tallungs v\u00e4ntade sitt andra barn var hon noga med att ber\u00e4tta f\u00f6r alla hon m\u00f6tte i v\u00e5rden om sin tidigare diagnos, \u00e4nd\u00e5 missade personalen att s\u00e4tta in f\u00f6rebyggande \u00e5tg\u00e4rder.<\/p>\n<p>\u2013 Det gick bra \u00e4nd\u00e5. Vi hade sparat pengar s\u00e5 att b\u00e5de jag och min man kunde vara hemma de f\u00f6rsta tre m\u00e5naderna. D\u00e5 kunde vi s\u00e4kerst\u00e4lla att jag fick sova ordentligt, som var en trigger f\u00f6r mig.<\/p>\n<p>Tove Tallungs valde att anm\u00e4la sjukhuset efter\u00e5t och kliniken medgav att de brustit i sina rutiner.<\/p>\n<p>\u2013 F\u00f6r mig gick det bra, men jag t\u00e4nker p\u00e5 alla de som \u00e4r ensamma. Som inte har n\u00e5gon partner eller anh\u00f6rig som kan ber\u00e4tta om n\u00e4r man f\u00f6r\u00e4ndras. D\u00e5 \u00e4r det j\u00e4tteviktigt att v\u00e5rden f\u00f6ljer upp.<\/p>\n<p>Viktigt att dela erfarenheter<\/p>\n<p>Genom f\u00f6reningen Mamma till mamma har Tove Tallungs f\u00f6rst\u00e5tt att de allra flesta som drabbats av f\u00f6rlossningspsykos f\u00e5r en bra uppf\u00f6ljning och en individuell v\u00e5rdplan n\u00e4r de blir gravida igen. Under de senaste \u00e5ren har Mamma till Mamma ocks\u00e5 byggt upp st\u00f6dverksamhet riktad specifikt till f\u00f6r\u00e4ldrar som drabbats av f\u00f6rlossningspsykos, som till exempel samtalstr\u00e4ffar.<\/p>\n<p>\u2013 Det har varit enkelt att g\u00f6ra stor skillnad, det \u00e4r jag v\u00e4ldigt stolt \u00f6ver. De som f\u00e5r en f\u00f6rlossningspsykos i dag har tillg\u00e5ng till st\u00f6d genom f\u00f6reningen och beh\u00f6ver inte k\u00e4nna sig ensamma.<\/p>\n<p>Helhetssyn saknas<\/p>\n<p>Tove Tallungs menar att <a href=\"https:\/\/nyheter.ki.se\/okad-risk-for-depression-och-psykos-efter-forlossning-hos-kvinnor\" rel=\"nofollow noopener\" target=\"_blank\">v\u00e5rden beh\u00f6ver bli b\u00e4ttre p\u00e5 att f\u00e5nga upp psykisk oh\u00e4lsa <\/a>och inte bara depression som alla screenas f\u00f6r.<\/p>\n<p>\u2013 Det \u00e4r ju speciellt att man g\u00e5r fr\u00e5n m\u00f6drav\u00e5rden d\u00e4r allt fokus \u00e4r p\u00e5 mammans m\u00e5ende till att allt handlar om barnet efter f\u00f6rlossningen. Som v\u00e5rdpersonal beh\u00f6ver man st\u00e4lla lite fler fr\u00e5gor. Om n\u00e5gon sover d\u00e5ligt kan man fr\u00e5ga hur m\u00e5nga timmars s\u00f6mn de f\u00e5r. En del upplever att de inte beh\u00f6ver sova alls och det \u00e4r ocks\u00e5 ett varningstecken.<\/p>\n<p>Tove Tallungs tips till v\u00e5rden:<\/p>\n<ul class=\"wp-block-list\">\n<li>Ha ett familjeperspektiv. Inkludera anh\u00f6riga som ofta kan bidra med viktiga pusselbitar om hur personen egentligen \u00e4r. Partnern f\u00e5r ofta dra ett tungt lass och kan beh\u00f6va st\u00f6d.<\/li>\n<li>G\u00f6r en plan f\u00f6r \u00f6verg\u00e5ngen mellan m\u00f6drav\u00e5rd och barnh\u00e4lsov\u00e5rden.<\/li>\n<li>Avdramatisera psykiatrin. En del \u00e4r r\u00e4dda f\u00f6r att s\u00f6ka v\u00e5rd av r\u00e4dsla f\u00f6r att bli av med barnet, men s\u00e5 blir det inte.<\/li>\n<li>L\u00e4mna utrymme f\u00f6r att bearbeta upplevelsen, inte bara f\u00f6lja upp l\u00e4kemedelsbehandlingen.<\/li>\n<li>Tipsa om f\u00f6reningen Mamma till mamma som kan ge individuellt st\u00f6d.<\/li>\n<\/ul>\n<p><img loading=\"lazy\" decoding=\"async\" width=\"150\" height=\"150\" src=\"https:\/\/www.europesays.com\/se\/wp-content\/uploads\/2026\/01\/evaelvinfotoedited-150x150.jpg\" alt=\"Eva Elvin, barnmorska\" class=\"wp-image-205929\"  \/>Eva Elvin. Foto: Privat<\/p>\n<p>Eva Elvin och Lina Palm\u00e9r k\u00e4nner igen bilden av att v\u00e5rden \u00e4r splittrad. Det saknas en helhetssyn och kontakterna mellan m\u00f6drav\u00e5rden och barnh\u00e4lsov\u00e5rden kan vara sv\u00e5ra att f\u00e5 till i och med v\u00e5rdvalet. De pekar ocks\u00e5 p\u00e5 att tiden f\u00f6r varje bes\u00f6k i m\u00f6drav\u00e5rden minskat de senaste tio \u00e5ren.<\/p>\n<p>\u2013 Som det ser ut i dag \u00e4r det mycket fokus p\u00e5 checklistor och m\u00e4tning av tid och effektivitet. Men f\u00f6r att uppt\u00e4cka att n\u00e5gon inte m\u00e5r bra och kanske har f\u00f6r\u00e4ndrats beh\u00f6ver man l\u00e4ra k\u00e4nna den personen. Det kan inte m\u00e4tas, s\u00e4ger Eva Elvin.<\/p>\n","protected":false},"excerpt":{"rendered":"Reproduktiv h\u00e4lsa N\u00e4r Tove Tallungs fick sin f\u00f6rlossningspsykos k\u00e4nde hon sig ensam i sin upplevelse. Nu har hon&hellip;\n","protected":false},"author":2,"featured_media":133089,"comment_status":"","ping_status":"","sticky":false,"template":"","format":"standard","meta":{"footnotes":""},"categories":[12],"tags":[22,23,26,27,17,21,24,25,28,29,15,16,18,34,31,33,32,30,19,20],"class_list":{"0":"post-133088","1":"post","2":"type-post","3":"status-publish","4":"format-standard","5":"has-post-thumbnail","7":"category-sverige","8":"tag-breaking-news","9":"tag-breakingnews","10":"tag-featured-news","11":"tag-featurednews","12":"tag-headlines","13":"tag-huvudnyheter","14":"tag-latest-news","15":"tag-latestnews","16":"tag-main-news","17":"tag-mainnews","18":"tag-news","19":"tag-nyheter","20":"tag-rubriker","21":"tag-se","22":"tag-svenska","23":"tag-sverige","24":"tag-sweden","25":"tag-swedish","26":"tag-top-stories","27":"tag-topstories"},"share_on_mastodon":{"url":"https:\/\/pubeurope.com\/@se\/115881545838657527","error":""},"_links":{"self":[{"href":"https:\/\/www.europesays.com\/se\/wp-json\/wp\/v2\/posts\/133088","targetHints":{"allow":["GET"]}}],"collection":[{"href":"https:\/\/www.europesays.com\/se\/wp-json\/wp\/v2\/posts"}],"about":[{"href":"https:\/\/www.europesays.com\/se\/wp-json\/wp\/v2\/types\/post"}],"author":[{"embeddable":true,"href":"https:\/\/www.europesays.com\/se\/wp-json\/wp\/v2\/users\/2"}],"replies":[{"embeddable":true,"href":"https:\/\/www.europesays.com\/se\/wp-json\/wp\/v2\/comments?post=133088"}],"version-history":[{"count":0,"href":"https:\/\/www.europesays.com\/se\/wp-json\/wp\/v2\/posts\/133088\/revisions"}],"wp:featuredmedia":[{"embeddable":true,"href":"https:\/\/www.europesays.com\/se\/wp-json\/wp\/v2\/media\/133089"}],"wp:attachment":[{"href":"https:\/\/www.europesays.com\/se\/wp-json\/wp\/v2\/media?parent=133088"}],"wp:term":[{"taxonomy":"category","embeddable":true,"href":"https:\/\/www.europesays.com\/se\/wp-json\/wp\/v2\/categories?post=133088"},{"taxonomy":"post_tag","embeddable":true,"href":"https:\/\/www.europesays.com\/se\/wp-json\/wp\/v2\/tags?post=133088"}],"curies":[{"name":"wp","href":"https:\/\/api.w.org\/{rel}","templated":true}]}}