{"id":133094,"date":"2026-01-12T10:03:09","date_gmt":"2026-01-12T10:03:09","guid":{"rendered":"https:\/\/www.europesays.com\/se\/133094\/"},"modified":"2026-01-12T10:03:09","modified_gmt":"2026-01-12T10:03:09","slug":"dags-att-golden-globe-blir-en-fyllefest-igen","status":"publish","type":"post","link":"https:\/\/www.europesays.com\/se\/133094\/","title":{"rendered":"Dags att Golden Globe blir en fyllefest igen"},"content":{"rendered":"<p>Golden Globe-galan brukade vara k\u00e4nd f\u00f6r fylla och f\u00f6r att alltid ge priserna till de st\u00f6rsta stj\u00e4rnorna, oavsett hur bra filmerna faktiskt var.<\/p>\n<p>Nu, efter ett \u00e4garbyte och n\u00e5gra skakiga \u00e5r, \u00e4r det mer ordning, enligt Varietys Alison Herman. <\/p>\n<p>Samtidigt gjorde \u00e5rets gala mycket m\u00e4rkliga val till synes f\u00f6r pengarnas skull, skriver hon. Som att dela ut ett pris till \u00e5rets \u201dprestation i biljettkassan\u201d eller att hela tiden tipsa om att man kan satsa pengar p\u00e5 vem som vinner de olika kategorierna. <\/p>\n<p>\u201dAtt jaga f\u00f6r m\u00e5nga motstridiga m\u00e5l samtidigt g\u00f6r att man misslyckas med alla\u201d, skriver Herman.<\/p>\n<p>Kevin Fallon p\u00e5 The Daily Beast tycker i st\u00e4llet att galan har lyckats lite f\u00f6r bra med sitt reformarbete \u2013 och d\u00e4rmed tappat sin unika identitet.<\/p>\n<p>\u201dJag vill att Golden Globe ska sluta f\u00f6rs\u00f6ka sitta vid vuxenbordet. Det \u00e4r dags f\u00f6r dem att \u00e5terg\u00e5 till att vara en r\u00f6rig fyllefest. Vad \u00e4r annars po\u00e4ngen?\u201d skriver han.<\/p>\n<p>Omni \u00e4r politiskt obundna och oberoende. Vi str\u00e4var efter att ge fler perspektiv p\u00e5 nyheterna. Har du fr\u00e5gor eller synpunkter kring v\u00e5r rapportering? <a href=\"https:\/\/omni.se\/kronikor-dags-att-golden-globe-blir-en-fyllefest-igen\/a\/mailto:redaktion@omni.se\" class=\"ArticleActions_contactLink__W2F1M\" rel=\"nofollow noopener\" target=\"_blank\">Kontakta redaktionen<\/a><\/p>\n","protected":false},"excerpt":{"rendered":"Golden Globe-galan brukade vara k\u00e4nd f\u00f6r fylla och f\u00f6r att alltid ge priserna till de st\u00f6rsta stj\u00e4rnorna, oavsett&hellip;\n","protected":false},"author":2,"featured_media":133095,"comment_status":"","ping_status":"","sticky":false,"template":"","format":"standard","meta":{"footnotes":""},"categories":[67],"tags":[104,168,13499,34,31,33,32,30,105],"class_list":{"0":"post-133094","1":"post","2":"type-post","3":"status-publish","4":"format-standard","5":"has-post-thumbnail","7":"category-underhallning","8":"tag-entertainment","9":"tag-film-tv","10":"tag-golden-globe","11":"tag-se","12":"tag-svenska","13":"tag-sverige","14":"tag-sweden","15":"tag-swedish","16":"tag-underhallning"},"share_on_mastodon":{"url":"https:\/\/pubeurope.com\/@se\/115881561434795939","error":""},"_links":{"self":[{"href":"https:\/\/www.europesays.com\/se\/wp-json\/wp\/v2\/posts\/133094","targetHints":{"allow":["GET"]}}],"collection":[{"href":"https:\/\/www.europesays.com\/se\/wp-json\/wp\/v2\/posts"}],"about":[{"href":"https:\/\/www.europesays.com\/se\/wp-json\/wp\/v2\/types\/post"}],"author":[{"embeddable":true,"href":"https:\/\/www.europesays.com\/se\/wp-json\/wp\/v2\/users\/2"}],"replies":[{"embeddable":true,"href":"https:\/\/www.europesays.com\/se\/wp-json\/wp\/v2\/comments?post=133094"}],"version-history":[{"count":0,"href":"https:\/\/www.europesays.com\/se\/wp-json\/wp\/v2\/posts\/133094\/revisions"}],"wp:featuredmedia":[{"embeddable":true,"href":"https:\/\/www.europesays.com\/se\/wp-json\/wp\/v2\/media\/133095"}],"wp:attachment":[{"href":"https:\/\/www.europesays.com\/se\/wp-json\/wp\/v2\/media?parent=133094"}],"wp:term":[{"taxonomy":"category","embeddable":true,"href":"https:\/\/www.europesays.com\/se\/wp-json\/wp\/v2\/categories?post=133094"},{"taxonomy":"post_tag","embeddable":true,"href":"https:\/\/www.europesays.com\/se\/wp-json\/wp\/v2\/tags?post=133094"}],"curies":[{"name":"wp","href":"https:\/\/api.w.org\/{rel}","templated":true}]}}