{"id":133106,"date":"2026-01-12T10:15:10","date_gmt":"2026-01-12T10:15:10","guid":{"rendered":"https:\/\/www.europesays.com\/se\/133106\/"},"modified":"2026-01-12T10:15:10","modified_gmt":"2026-01-12T10:15:10","slug":"12-januari-05-10-stold-inbrott-norrkoping","status":"publish","type":"post","link":"https:\/\/www.europesays.com\/se\/133106\/","title":{"rendered":"12 januari 05.10, St\u00f6ld\/inbrott, Norrk\u00f6ping"},"content":{"rendered":"<p class=\"preamble\">&#13;<br \/>\n            Inbrottslarm fr\u00e5n centrum under tidiga morgonen.&#13;\n        <\/p>\n<p>Tidigt p\u00e5 m\u00e5ndagsmorgonen larmas polisen om ett p\u00e5g\u00e5ende inbrott i en butik i centrala Norrk\u00f6ping. D\u00e4r ska en obeh\u00f6rig person f\u00e5ngats p\u00e5 kamera. N\u00e4r polisen kommer till platsen finns d\u00e4r ingen misst\u00e4nkt person kvar. Man p\u00e5b\u00f6rjar s\u00f6k i centrum utan att f\u00e5 tr\u00e4ff. Strax efter detta inkommer samtal om att en bil ska ha stulits p\u00e5 en annan plats i centrala staden. En icke bekr\u00e4ftad hypotes finns om att detta skulle kunna vara relaterat till det f\u00f6rsta larmet g\u00e4llande inbrott. En anm\u00e4lan g\u00e4llande st\u00f6ld genom inbrott \u00e4r uppr\u00e4ttad, samt en om tillgrepp av fortskaffningsmedel. F\u00f6r n\u00e4rvarande har man ej p\u00e5tr\u00e4ffat n\u00e5gon misst\u00e4nkt person.\u00a0<\/p>\n<p>&#13;<br \/>\n            H\u00e4ndelsenotiserna ger kortfattad information om ett urval av de utryckningar som polisen g\u00f6r. Observera att det \u00e4r inledande uppgifter som ligger till grund f\u00f6r notiserna. Det betyder att uppgifterna kan komma att \u00e4ndras.&#13;\n        <\/p>\n","protected":false},"excerpt":{"rendered":"&#13; Inbrottslarm fr\u00e5n centrum under tidiga morgonen.&#13; Tidigt p\u00e5 m\u00e5ndagsmorgonen larmas polisen om ett p\u00e5g\u00e5ende inbrott i en&hellip;\n","protected":false},"author":2,"featured_media":54,"comment_status":"","ping_status":"","sticky":false,"template":"","format":"standard","meta":{"footnotes":""},"categories":[12],"tags":[22,23,26,27,17,21,24,25,28,29,15,16,18,34,31,33,32,30,19,20],"class_list":{"0":"post-133106","1":"post","2":"type-post","3":"status-publish","4":"format-standard","5":"has-post-thumbnail","7":"category-sverige","8":"tag-breaking-news","9":"tag-breakingnews","10":"tag-featured-news","11":"tag-featurednews","12":"tag-headlines","13":"tag-huvudnyheter","14":"tag-latest-news","15":"tag-latestnews","16":"tag-main-news","17":"tag-mainnews","18":"tag-news","19":"tag-nyheter","20":"tag-rubriker","21":"tag-se","22":"tag-svenska","23":"tag-sverige","24":"tag-sweden","25":"tag-swedish","26":"tag-top-stories","27":"tag-topstories"},"share_on_mastodon":{"url":"https:\/\/pubeurope.com\/@se\/115881608740092968","error":""},"_links":{"self":[{"href":"https:\/\/www.europesays.com\/se\/wp-json\/wp\/v2\/posts\/133106","targetHints":{"allow":["GET"]}}],"collection":[{"href":"https:\/\/www.europesays.com\/se\/wp-json\/wp\/v2\/posts"}],"about":[{"href":"https:\/\/www.europesays.com\/se\/wp-json\/wp\/v2\/types\/post"}],"author":[{"embeddable":true,"href":"https:\/\/www.europesays.com\/se\/wp-json\/wp\/v2\/users\/2"}],"replies":[{"embeddable":true,"href":"https:\/\/www.europesays.com\/se\/wp-json\/wp\/v2\/comments?post=133106"}],"version-history":[{"count":0,"href":"https:\/\/www.europesays.com\/se\/wp-json\/wp\/v2\/posts\/133106\/revisions"}],"wp:featuredmedia":[{"embeddable":true,"href":"https:\/\/www.europesays.com\/se\/wp-json\/wp\/v2\/media\/54"}],"wp:attachment":[{"href":"https:\/\/www.europesays.com\/se\/wp-json\/wp\/v2\/media?parent=133106"}],"wp:term":[{"taxonomy":"category","embeddable":true,"href":"https:\/\/www.europesays.com\/se\/wp-json\/wp\/v2\/categories?post=133106"},{"taxonomy":"post_tag","embeddable":true,"href":"https:\/\/www.europesays.com\/se\/wp-json\/wp\/v2\/tags?post=133106"}],"curies":[{"name":"wp","href":"https:\/\/api.w.org\/{rel}","templated":true}]}}