{"id":133109,"date":"2026-01-12T10:18:10","date_gmt":"2026-01-12T10:18:10","guid":{"rendered":"https:\/\/www.europesays.com\/se\/133109\/"},"modified":"2026-01-12T10:18:10","modified_gmt":"2026-01-12T10:18:10","slug":"arets-prestation-i-landslaget-har-ar-de-nominerade","status":"publish","type":"post","link":"https:\/\/www.europesays.com\/se\/133109\/","title":{"rendered":"\u00c5rets prestation i landslaget \u2013 h\u00e4r \u00e4r de nominerade"},"content":{"rendered":"<p class=\"preamble\">&#13;<br \/>\n\t\t\t\t\tMed drygt en vecka kvar till Atea Friidrottsgalan presenterar vi de nominerade i \u00e4nnu en kategori. I dag handlar det om \u00c5rets prestation i landslaget.&#13;\n\t\t\t\t<\/p>\n<p>Den 20 januari \u00e4r det dags f\u00f6r Atea Friidrottsgalan d\u00e5 priser f\u00f6r prestationer under 2025 ska delas ut. Vi har redan presenterat de nominerade i fyra kategorier \u2013\u00a0<a href=\"https:\/\/www.friidrott.se\/tavling-landslag\/nyhetsarkiv-tavling-landslag\/arets-genombrott-i-landslaget-2025-de-nominerade-ar\/\" title=\"\u00c5rets genombrott i landslaget 2025 \u2013 de nominerade \u00e4r...\" rel=\"nofollow noopener\" target=\"_blank\">\u00c5rets genombrott i landslaget<\/a>, <a href=\"https:\/\/www.friidrott.se\/tavling-landslag\/nyhetsarkiv-tavling-landslag\/arets-prestation-i-folksam-grand-prix-de-nominerade-ar\/\" title=\"\u00c5rets prestation i Folksam Grand Prix \u2013 de nominerade \u00e4r ...\" rel=\"nofollow noopener\" target=\"_blank\">\u00c5rets prestation i Folksam Grand Prix<\/a>, <a href=\"https:\/\/www.friidrott.se\/tavling-landslag\/nyhetsarkiv-tavling-landslag\/arets-prestation-i-folksam-grand-prix-de-nominerade-ar\/\" title=\"\u00c5rets prestation i Folksam Grand Prix \u2013 de nominerade \u00e4r ...\" rel=\"nofollow noopener\" target=\"_blank\"><a href=\"https:\/\/www.friidrott.se\/tavling-landslag\/nyhetsarkiv-tavling-landslag\/arets-prestation-pa-friidrotts-sm-de-ar-nominerade\/\" title=\"\u00c5rets prestation p\u00e5 friidrotts-SM \u2013 de \u00e4r nominerade\" rel=\"nofollow noopener\" target=\"_blank\">\u00c5rets prestation p\u00e5 friidrotts-SM<\/a> och <a href=\"https:\/\/www.friidrott.se\/tavling-landslag\/nyhetsarkiv-tavling-landslag\/arets-prestation-i-finnkampen-de-ar-nominerade\/\" title=\"\u00c5rets prestation i Finnkampen \u2013 de \u00e4r nominerade\" rel=\"nofollow noopener\" target=\"_blank\">\u00c5rets prestation i Finnkampen<\/a>.<\/p>\n<p>I dag har turen kommit till \u00c5rets prestation i landslaget, och efter ett landslags\u00e5r sp\u00e4ckat av fina, bl\u00e5gula prestationer hade juryn mycket trevligt att v\u00e4rdera.<\/p>\n<p>H\u00e4r \u00e4r de nominerade:<\/p>\n<p class=\"MsoNormal\">Kvinnor<\/p>\n<p class=\"MsoNormal\"><img decoding=\"async\" class=\"rte-img\" loading=\"lazy\" alt=\"\" src=\"https:\/\/www.europesays.com\/se\/wp-content\/uploads\/2026\/01\/fig-landslag-fanny.jpg\" width=\"500\" height=\"281\"\/><\/p>\n<p class=\"MsoNormal\"><strong>Fanny Roos (kula), Malm\u00f6 AI<\/strong><strong><br \/><\/strong>Efter en fantastisk s\u00e4song gjorde Fanny Roos karri\u00e4rens hittills b\u00e4sta m\u00e4sterskap n\u00e4r hon slutade femma p\u00e5 VM i Tokyo. Hennes l\u00e4ngsta st\u00f6t i t\u00e4vlingen, 19.54, kom i den sista omg\u00e5ngen och var bara tolv centimeter fr\u00e5n hennes svenska rekord.<\/p>\n<p class=\"MsoNormal\"><img decoding=\"async\" class=\"rte-img\" loading=\"lazy\" alt=\"\" src=\"https:\/\/www.europesays.com\/se\/wp-content\/uploads\/2026\/01\/fig-landslag-vanessa.jpg\" width=\"500\" height=\"281\"\/><\/p>\n<p class=\"MsoNormal\"><strong>Vanessa Kamga (diskus), H\u00e4sselby SK<\/strong><br \/>I VM-finalen i diskus slog Vanessa Kamga till med svenskt rekord tv\u00e5 g\u00e5nger om. I den femte omg\u00e5ngen landade diskusen p\u00e5 65.95 och i sista kastet ut\u00f6kade hon rekordet till 66.61. Resultatet r\u00e4ckte till en fj\u00e4rdeplats och den b\u00e4sta svenska VM-placeringen f\u00f6r en kvinna sedan 2013.<\/p>\n<p class=\"MsoNormal\"><img decoding=\"async\" class=\"rte-img\" loading=\"lazy\" alt=\"\" src=\"https:\/\/www.europesays.com\/se\/wp-content\/uploads\/2026\/01\/fig-landslag-tove.jpg\" width=\"500\" height=\"281\"\/><\/p>\n<p class=\"MsoNormal\"><strong>Tove Alexandersson (trail), Falu IK<\/strong><br \/>I det 45 kilometer l\u00e5nga trailloppet p\u00e5 VM i Canfranc, Spanien, var Tove Alexandersson helt \u00f6verl\u00e4gsen. Hon tog hem en f\u00f6rkrossande seger med 34 minuters marginal ned till tv\u00e5an. Tove hade sedan tidigare VM-guld i fyra olika sporter och ut\u00f6kade det nu till fem.<\/p>\n<p>M\u00e4n<\/p>\n<p><img decoding=\"async\" class=\"rte-img\" loading=\"lazy\" alt=\"\" src=\"https:\/\/www.europesays.com\/se\/wp-content\/uploads\/2026\/01\/fig-landslag-daniel.jpg\" width=\"500\" height=\"281\"\/><\/p>\n<p><strong>Daniel St\u00e5hl (diskus), Sp\u00e5rv\u00e4gens FK<br \/><\/strong>VM-finalen i diskus kom att avsluta hela m\u00e4sterskapet efter att t\u00e4vlingarna skjutits upp p\u00e5 grund av regn. Daniel St\u00e5hl l\u00e5g l\u00e4nge p\u00e5 silverplats men beh\u00f6ll lugnet b\u00e4st av alla i de sv\u00e5ra f\u00f6rh\u00e5llandena och skickade i v\u00e4g diskusen \u00f6ver 70 meter i den sista omg\u00e5ngen. Med 70.47 tog St\u00e5hl karri\u00e4rens tredje VM-guld, lika m\u00e5nga som Carolina Kl\u00fcft och Armand Duplantis.<\/p>\n<p><img decoding=\"async\" class=\"rte-img\" loading=\"lazy\" alt=\"\" src=\"https:\/\/www.europesays.com\/se\/wp-content\/uploads\/2026\/01\/fig-landslag-andreas.jpg\" width=\"500\" height=\"281\"\/><\/p>\n<p class=\"MsoNormal\"><strong>Andreas Almgren (10 000 meter), Turebergs FK<\/strong><br \/>Efter att ha slutat fyra p\u00e5 lika m\u00e5nga EM tog Andreas Almgren \u00e4ntligen karri\u00e4rens f\u00f6rsta internationella seniormedalj. I VM-finalen p\u00e5 10000 meter spurtade han till sig en tredjeplats i m\u00e5l och tog d\u00e4rmed den f\u00f6rsta svenska VM-medaljen p\u00e5 l\u00e5ngdistansl\u00f6pning n\u00e5gonsin.<\/p>\n<p class=\"MsoNormal\"><img decoding=\"async\" class=\"rte-img\" loading=\"lazy\" alt=\"\" src=\"https:\/\/www.europesays.com\/se\/wp-content\/uploads\/2026\/01\/fig-landslag-mondo.jpg\" width=\"500\" height=\"281\"\/><\/p>\n<p class=\"MsoNormal\"><strong>Armand Duplantis (stav), Upsala IF<\/strong><br \/>Armand Duplantis tog karri\u00e4rens tredje raka VM-guld efter att ha klarat v\u00e4rldsrekordh\u00f6jden 6.30 inf\u00f6r publiken p\u00e5 Olympiastadion i Tokyo. Svensken pressades av greken Emmanouil Karalis, som klarade 6.00 och var med hela v\u00e4gen upp p\u00e5 6.20. I slut\u00e4ndan tog Duplantis en klar seger tack vare sitt v\u00e4rldsrekord.<\/p>\n","protected":false},"excerpt":{"rendered":"&#13; Med drygt en vecka kvar till Atea Friidrottsgalan presenterar vi de nominerade i \u00e4nnu en kategori. I&hellip;\n","protected":false},"author":2,"featured_media":126194,"comment_status":"","ping_status":"","sticky":false,"template":"","format":"standard","meta":{"footnotes":""},"categories":[68],"tags":[34,111,110,31,33,32,30],"class_list":{"0":"post-133109","1":"post","2":"type-post","3":"status-publish","4":"format-standard","5":"has-post-thumbnail","7":"category-sport","8":"tag-se","9":"tag-sport","10":"tag-sports","11":"tag-svenska","12":"tag-sverige","13":"tag-sweden","14":"tag-swedish"},"share_on_mastodon":{"url":"https:\/\/pubeurope.com\/@se\/115881620575527014","error":""},"_links":{"self":[{"href":"https:\/\/www.europesays.com\/se\/wp-json\/wp\/v2\/posts\/133109","targetHints":{"allow":["GET"]}}],"collection":[{"href":"https:\/\/www.europesays.com\/se\/wp-json\/wp\/v2\/posts"}],"about":[{"href":"https:\/\/www.europesays.com\/se\/wp-json\/wp\/v2\/types\/post"}],"author":[{"embeddable":true,"href":"https:\/\/www.europesays.com\/se\/wp-json\/wp\/v2\/users\/2"}],"replies":[{"embeddable":true,"href":"https:\/\/www.europesays.com\/se\/wp-json\/wp\/v2\/comments?post=133109"}],"version-history":[{"count":0,"href":"https:\/\/www.europesays.com\/se\/wp-json\/wp\/v2\/posts\/133109\/revisions"}],"wp:featuredmedia":[{"embeddable":true,"href":"https:\/\/www.europesays.com\/se\/wp-json\/wp\/v2\/media\/126194"}],"wp:attachment":[{"href":"https:\/\/www.europesays.com\/se\/wp-json\/wp\/v2\/media?parent=133109"}],"wp:term":[{"taxonomy":"category","embeddable":true,"href":"https:\/\/www.europesays.com\/se\/wp-json\/wp\/v2\/categories?post=133109"},{"taxonomy":"post_tag","embeddable":true,"href":"https:\/\/www.europesays.com\/se\/wp-json\/wp\/v2\/tags?post=133109"}],"curies":[{"name":"wp","href":"https:\/\/api.w.org\/{rel}","templated":true}]}}