{"id":133114,"date":"2026-01-12T10:23:11","date_gmt":"2026-01-12T10:23:11","guid":{"rendered":"https:\/\/www.europesays.com\/se\/133114\/"},"modified":"2026-01-12T10:23:11","modified_gmt":"2026-01-12T10:23:11","slug":"minskad-risk-att-fa-tumorer","status":"publish","type":"post","link":"https:\/\/www.europesays.com\/se\/133114\/","title":{"rendered":"Minskad risk att f\u00e5 tum\u00f6rer"},"content":{"rendered":"<p><a data-test-tag=\"internal-link\" href=\"https:\/\/www.aftonbladet.se\/av\/nora-fernstedt\" class=\"hyperion-css-13ns1rr\" rel=\"nofollow noopener\" target=\"\" aria-label=\"Se alla artiklar av Nora Fernstedt\"><img decoding=\"async\" class=\"image-asset hyperion-css-n6kkq1\" data-test-tag=\"image-asset\" src=\"https:\/\/www.europesays.com\/se\/wp-content\/uploads\/2026\/01\/1768213390_754_4898f780-21e5-4fc9-aaf6-8b2690fbf32e.png\"  alt=\"\"  loading=\"lazy\" fetchpriority=\"auto\" style=\"aspect-ratio:1900 \/ 1900\"\/><\/a><\/p>\n<p class=\"boxtextgrotesk-root_baa6 hyperion-css-7pajle\">Uppdaterad 11.11 | Publicerad 10.36<\/p>\n<p>share-arrowDela<\/p>\n<p>unsaveSpara<\/p>\n<p>expand-left<\/p>\n<p>helsk\u00e4rm<img decoding=\"async\" class=\"image-asset hyperion-css-u06ts1\" data-test-tag=\"image-asset\" src=\"https:\/\/www.europesays.com\/se\/wp-content\/uploads\/2026\/01\/50e2b87f-1d12-47ba-8df4-31ec2d927350.jpeg\"  alt=\"\u00d6verl\u00e4karen Helena Kopp Kallner ser ingen anledning att f\u00f6rbjuda p-sprutan.\"  loading=\"eager\" fetchpriority=\"high\" style=\"aspect-ratio:1900 \/ 1172\"\/>\u00d6verl\u00e4karen Helena Kopp Kallner ser ingen anledning att f\u00f6rbjuda p-sprutan. Foto: Pontus Lundahl\/TT<\/p>\n<p class=\"hyperion-css-1shl3oz\" data-test-tag=\"lead-text\">P-sprutan har kopplats till en typ av hj\u00e4rntum\u00f6r.<\/p>\n<p class=\"hyperion-css-1shl3oz\" data-test-tag=\"lead-text\">Men \u00f6verl\u00e4karen Helena Kopp Kallner ser ingen anledning att f\u00f6rbjuda l\u00e4kemedlet.<\/p>\n<p class=\"hyperion-css-1shl3oz\" data-test-tag=\"lead-text\">\u2013 Totalt sett leder det faktiskt till en minskad risk f\u00f6r sjukdom, s\u00e4ger hon.<\/p>\n<p class=\"hyperion-css-1v9qo5x\">Aftonbladet har skrivit om Minna Lotsari som <a data-test-tag=\"internal-link\" href=\"https:\/\/www.aftonbladet.se\/nyheter\/a\/7pKd9V\/lakemedelsskada-minna-54-fick-en-tumor-efter-p-sprutan\" class=\"hyperion-css-15jkft9\" rel=\"nofollow noopener\" target=\"\" aria-label=\"fick en hj\u00e4rntum\u00f6r\">fick en hj\u00e4rntum\u00f6r<\/a> efter att ha anv\u00e4nt l\u00e4kemedlet Depo-Provera under n\u00e4stan 30 \u00e5rs tid. <\/p>\n<p class=\"hyperion-css-1v9qo5x\">Pfizers Depo-Provera \u00e4r en p-spruta som injiceras var tredje m\u00e5nad och g\u00f6r att man inte f\u00e5r \u00e4gglossning.<\/p>\n<p class=\"hyperion-css-1v9qo5x\">I Sverige \u00e4r den inte j\u00e4ttevanlig som preventivmedel.<\/p>\n<p class=\"hyperion-css-1v9qo5x\">\u2013 Det beror ju p\u00e5 att vi har andra metoder som vi kanske tycker \u00e4r b\u00e4ttre. Det \u00e4r ju \u00e4nd\u00e5 ganska besv\u00e4rligt att ta sig till en v\u00e5rdgivare<strong> <\/strong>var tredje m\u00e5nad, s\u00e4ger Helena Kopp Kallner, \u00f6verl\u00e4kare p\u00e5 Danderyds sjukhus och professor i obstetrik och gynekologi vid Karolinska institutet. <\/p>\n<p class=\"hyperion-css-1v9qo5x\">L\u00e4kemedlet har d\u00e4remot blivit vanligt som behandling f\u00f6r endometrios.<\/p>\n<p>expand-left<\/p>\n<p>helsk\u00e4rm<img decoding=\"async\" class=\"image-asset hyperion-css-u06ts1\" data-test-tag=\"image-asset\" src=\"https:\/\/www.europesays.com\/se\/wp-content\/uploads\/2026\/01\/efc75b79-536c-436d-9c46-fd0f111c75ae.jpeg\"  alt=\"Pfizers Depo-Provera \u00e4r en p-spruta som injiceras var tredje m\u00e5nad och g\u00f6r att man inte f\u00e5r \u00e4gglossning.\"  loading=\"eager\" fetchpriority=\"high\" style=\"aspect-ratio:1900 \/ 1183\"\/>Pfizers Depo-Provera \u00e4r en p-spruta som injiceras var tredje m\u00e5nad och g\u00f6r att man inte f\u00e5r \u00e4gglossning. Foto: Alamy Stock PhotoTrycker p\u00e5 hj\u00e4rnan<\/p>\n<p class=\"hyperion-css-1v9qo5x\">Den tum\u00f6r som kopplats till Depo-Provera, meningiom, \u00e4r en godartad tum\u00f6r i hinnorna som omger hj\u00e4rnan.<\/p>\n<p class=\"hyperion-css-1v9qo5x\">\u2013 Det vill s\u00e4ga, den sprider sig inte. Problemet med den h\u00e4r typen av tum\u00f6rer \u00e4r att om de v\u00e4xer v\u00e4ldigt mycket s\u00e5 trycker de p\u00e5 hj\u00e4rnan och ger d\u00e5 symtom, s\u00e4ger Kopp Kallner.<\/p>\n<p class=\"hyperion-css-1v9qo5x\">I dag tror inte forskare att det \u00e4r hormonet i l\u00e4kemedlet i sig som orsakar tum\u00f6rer. D\u00e4remot att det kan f\u00e5 tum\u00f6rer att v\u00e4xa och ge symtom. D\u00e4rf\u00f6r rekommenderas inte Depo-Provera till de kvinnor som har meningiom.<\/p>\n<p>Minskar risken f\u00f6r andra cancertyper<\/p>\n<p class=\"hyperion-css-1v9qo5x\">Det \u00e4r mellan 2 till 8 p\u00e5 100\u00a0000 kvinnor som f\u00e5r menigiom, s\u00e4ger hon. Risk\u00f6kningen med Depo-Provera \u00e4r ungef\u00e4r 2 p\u00e5 10\u00a0000 anv\u00e4ndare per \u00e5r.<\/p>\n<p class=\"hyperion-css-1v9qo5x\">Samtidigt ger Depo-Provera en minskad risk f\u00f6r cancer i \u00e4ggstockarna och livmoder. Det ger ingen \u00f6kad risk f\u00f6r br\u00f6stcancer, vilket alla andra hormonella preventivmedel g\u00f6r, enligt Kopp Kallner.<\/p>\n<p class=\"hyperion-css-1v9qo5x\"> \u2013 S\u00e5 totalt sett \u00e4r det ju s\u00e5 att att Depo-Provera faktiskt leder till en minskad risk f\u00f6r sjukdom.<\/p>\n<p>Extremt f\u00e5: \u201dMan har en j\u00e4kla otur\u201d<\/p>\n<p class=\"hyperion-css-1v9qo5x\">Eftersom det \u00e4r s\u00e5 extremt f\u00e5 individer som drabbas \u00e4r risken f\u00f6r hj\u00e4rntum\u00f6r inget man beh\u00f6ver informera patienten om n\u00e4r man f\u00f6rskriver det, menar Helena Kopp Kallner.<\/p>\n<p>expand-left<\/p>\n<p>helsk\u00e4rm<img decoding=\"async\" class=\"image-asset hyperion-css-u06ts1\" data-test-tag=\"image-asset\" src=\"https:\/\/www.europesays.com\/se\/wp-content\/uploads\/2026\/01\/84fadcdd-b32e-45a0-8bbf-841a4f0c5d9c.jpeg\"  alt=\"\u00d6ver 1\u00a0000 kvinnor i USA har st\u00e4mt l\u00e4kemedelsf\u00f6retaget Pfizer f\u00f6r att ha f\u00e5tt hj\u00e4rntum\u00f6r efter att ha anv\u00e4nt p-sprutan Depo-Provera.\"  loading=\"eager\" fetchpriority=\"high\" style=\"aspect-ratio:1900 \/ 1312\"\/>\u00d6ver 1\u00a0000 kvinnor i USA har st\u00e4mt l\u00e4kemedelsf\u00f6retaget Pfizer f\u00f6r att ha f\u00e5tt hj\u00e4rntum\u00f6r efter att ha anv\u00e4nt p-sprutan Depo-Provera. Foto: Ira Schwarz\/AP<\/p>\n<p class=\"hyperion-css-1v9qo5x\">Samtidigt har \u00f6ver 1\u00a0000 kvinnor i USA som utvecklat hj\u00e4rntum\u00f6rer av preventivmedlet st\u00e4mt l\u00e4kemedelsbolaget Pfizer f\u00f6r att de inte informerat om riskerna \u2013 som man h\u00e4vdar att f\u00f6retaget l\u00e4nge k\u00e4nt till. <\/p>\n<p class=\"hyperion-css-1v9qo5x\"><strong>Vad s\u00e4ger man d\u00e5 till de som drabbats, och som tycker att v\u00e5rden borde informera om det h\u00e4r?<\/strong><\/p>\n<p class=\"hyperion-css-1v9qo5x\">\u2013 Man s\u00e4ger att, totalt sett har man en minskad risk att f\u00e5 tum\u00f6rer i kroppen med Depo-Provera. Det \u00e4r bara det att det \u00e4r just den h\u00e4r tum\u00f6ren man har en \u00f6kad risk f\u00f6r. Och man har haft otur, s\u00e4ger Kopp Kallner och forts\u00e4tter:<\/p>\n<p class=\"hyperion-css-1v9qo5x\">\u2013 Man \u00e4r en av de d\u00e4r tv\u00e5 p\u00e5 10\u00a0000 per \u00e5r. Och det \u00e4r j\u00e4ttesv\u00e5rt f\u00f6r m\u00e4nniskan att acceptera. Man vill att det ska vara n\u00e5gons fel. Men det enda som har h\u00e4nt \u00e4r att man har haft en j\u00e4kla otur.<\/p>\n","protected":false},"excerpt":{"rendered":"Uppdaterad 11.11 | Publicerad 10.36 share-arrowDela unsaveSpara expand-left helsk\u00e4rm\u00d6verl\u00e4karen Helena Kopp Kallner ser ingen anledning att f\u00f6rbjuda p-sprutan.&hellip;\n","protected":false},"author":2,"featured_media":133115,"comment_status":"","ping_status":"","sticky":false,"template":"","format":"standard","meta":{"footnotes":""},"categories":[12],"tags":[22,23,26,27,17,21,24,25,28,29,15,16,18,34,31,33,32,30,19,20],"class_list":{"0":"post-133114","1":"post","2":"type-post","3":"status-publish","4":"format-standard","5":"has-post-thumbnail","7":"category-sverige","8":"tag-breaking-news","9":"tag-breakingnews","10":"tag-featured-news","11":"tag-featurednews","12":"tag-headlines","13":"tag-huvudnyheter","14":"tag-latest-news","15":"tag-latestnews","16":"tag-main-news","17":"tag-mainnews","18":"tag-news","19":"tag-nyheter","20":"tag-rubriker","21":"tag-se","22":"tag-svenska","23":"tag-sverige","24":"tag-sweden","25":"tag-swedish","26":"tag-top-stories","27":"tag-topstories"},"share_on_mastodon":{"url":"https:\/\/pubeurope.com\/@se\/115881640245264744","error":""},"_links":{"self":[{"href":"https:\/\/www.europesays.com\/se\/wp-json\/wp\/v2\/posts\/133114","targetHints":{"allow":["GET"]}}],"collection":[{"href":"https:\/\/www.europesays.com\/se\/wp-json\/wp\/v2\/posts"}],"about":[{"href":"https:\/\/www.europesays.com\/se\/wp-json\/wp\/v2\/types\/post"}],"author":[{"embeddable":true,"href":"https:\/\/www.europesays.com\/se\/wp-json\/wp\/v2\/users\/2"}],"replies":[{"embeddable":true,"href":"https:\/\/www.europesays.com\/se\/wp-json\/wp\/v2\/comments?post=133114"}],"version-history":[{"count":0,"href":"https:\/\/www.europesays.com\/se\/wp-json\/wp\/v2\/posts\/133114\/revisions"}],"wp:featuredmedia":[{"embeddable":true,"href":"https:\/\/www.europesays.com\/se\/wp-json\/wp\/v2\/media\/133115"}],"wp:attachment":[{"href":"https:\/\/www.europesays.com\/se\/wp-json\/wp\/v2\/media?parent=133114"}],"wp:term":[{"taxonomy":"category","embeddable":true,"href":"https:\/\/www.europesays.com\/se\/wp-json\/wp\/v2\/categories?post=133114"},{"taxonomy":"post_tag","embeddable":true,"href":"https:\/\/www.europesays.com\/se\/wp-json\/wp\/v2\/tags?post=133114"}],"curies":[{"name":"wp","href":"https:\/\/api.w.org\/{rel}","templated":true}]}}