{"id":133118,"date":"2026-01-12T10:26:20","date_gmt":"2026-01-12T10:26:20","guid":{"rendered":"https:\/\/www.europesays.com\/se\/133118\/"},"modified":"2026-01-12T10:26:20","modified_gmt":"2026-01-12T10:26:20","slug":"forstor-for-ett-par-tusen-manniskor-borlange-tidning","status":"publish","type":"post","link":"https:\/\/www.europesays.com\/se\/133118\/","title":{"rendered":"\u201dF\u00f6rst\u00f6r f\u00f6r ett par tusen m\u00e4nniskor\u201d \u2013 Borl\u00e4nge Tidning"},"content":{"rendered":"<p>Men n\u00e4r Forssas BK:s ordf\u00f6rande, Elvan Cicen, p\u00e5 s\u00f6ndagskv\u00e4llen l\u00e4mnade Maserhallen s\u00e5 gjorde han det \u00e4nd\u00e5 med en besk eftersmak. <\/p>\n<p>Skandalscenerna i herrfinalen f\u00f6rst\u00f6rde mycket, f\u00f6r m\u00e5nga, konstaterar han. <\/p>\n<p>\u2013 Det har ju varit succ\u00e9, med mycket folk och s\u00e5\u2026 men det h\u00e4r pajar ju v\u00e5r energi ocks\u00e5. Jag tycker att det \u00e4r skittr\u00e5kigt, s\u00e4ger Cicen. <\/p>\n<p>Slutspelsdagen av Forssacupen var v\u00e4ldigt l\u00e4nge en positiv och trivsam historia, d\u00e4r rafflande matcher och skickliga futsalspelare stod i fokus. <\/p>\n<p>Tekniskt fel<\/p>\n<p class=\"message__text txt-ui txt-ui-2\">V\u00e4nligen f\u00f6rs\u00f6k igen senare.<\/p>\n<p>Den h\u00e4r artikeln \u00e4r bara f\u00f6r prenumeranter<\/p>\n<p class=\"txt-body txt-body-1\">Om du redan \u00e4r prenumerant: logga in!<\/p>\n","protected":false},"excerpt":{"rendered":"Men n\u00e4r Forssas BK:s ordf\u00f6rande, Elvan Cicen, p\u00e5 s\u00f6ndagskv\u00e4llen l\u00e4mnade Maserhallen s\u00e5 gjorde han det \u00e4nd\u00e5 med en&hellip;\n","protected":false},"author":2,"featured_media":133119,"comment_status":"","ping_status":"","sticky":false,"template":"","format":"standard","meta":{"footnotes":""},"categories":[68],"tags":[34,111,110,31,33,32,30],"class_list":{"0":"post-133118","1":"post","2":"type-post","3":"status-publish","4":"format-standard","5":"has-post-thumbnail","7":"category-sport","8":"tag-se","9":"tag-sport","10":"tag-sports","11":"tag-svenska","12":"tag-sverige","13":"tag-sweden","14":"tag-swedish"},"share_on_mastodon":{"url":"https:\/\/pubeurope.com\/@se\/115881652156944333","error":""},"_links":{"self":[{"href":"https:\/\/www.europesays.com\/se\/wp-json\/wp\/v2\/posts\/133118","targetHints":{"allow":["GET"]}}],"collection":[{"href":"https:\/\/www.europesays.com\/se\/wp-json\/wp\/v2\/posts"}],"about":[{"href":"https:\/\/www.europesays.com\/se\/wp-json\/wp\/v2\/types\/post"}],"author":[{"embeddable":true,"href":"https:\/\/www.europesays.com\/se\/wp-json\/wp\/v2\/users\/2"}],"replies":[{"embeddable":true,"href":"https:\/\/www.europesays.com\/se\/wp-json\/wp\/v2\/comments?post=133118"}],"version-history":[{"count":0,"href":"https:\/\/www.europesays.com\/se\/wp-json\/wp\/v2\/posts\/133118\/revisions"}],"wp:featuredmedia":[{"embeddable":true,"href":"https:\/\/www.europesays.com\/se\/wp-json\/wp\/v2\/media\/133119"}],"wp:attachment":[{"href":"https:\/\/www.europesays.com\/se\/wp-json\/wp\/v2\/media?parent=133118"}],"wp:term":[{"taxonomy":"category","embeddable":true,"href":"https:\/\/www.europesays.com\/se\/wp-json\/wp\/v2\/categories?post=133118"},{"taxonomy":"post_tag","embeddable":true,"href":"https:\/\/www.europesays.com\/se\/wp-json\/wp\/v2\/tags?post=133118"}],"curies":[{"name":"wp","href":"https:\/\/api.w.org\/{rel}","templated":true}]}}