{"id":133120,"date":"2026-01-12T10:27:09","date_gmt":"2026-01-12T10:27:09","guid":{"rendered":"https:\/\/www.europesays.com\/se\/133120\/"},"modified":"2026-01-12T10:27:09","modified_gmt":"2026-01-12T10:27:09","slug":"lush-life-klattrar-pa-spotify-global","status":"publish","type":"post","link":"https:\/\/www.europesays.com\/se\/133120\/","title":{"rendered":"Lush Life kl\u00e4ttrar p\u00e5 Spotify Global"},"content":{"rendered":"<p><strong>Zara Larssons tio \u00e5r gamla hit \u201dLush Life\u201d kl\u00e4ttrar p\u00e5 Spotifys globala Topp 50-lista och ligger nu h\u00f6gre \u00e4n den gjorde vid releasen 2016.\u00a0<\/strong><\/p>\n<p>L\u00e5ten har drygt tre miljoner lysningar dagligen och ligger i skrivande stund p\u00e5 plats 7. Det \u00e4r hennes h\u00f6gsta placering p\u00e5 listan sedan samarbetet med <strong>Clean Bandit<\/strong> i l\u00e5ten Symphony 2017.<\/p>\n<p>Lush Life har f\u00e5tt en ren\u00e4ssans under h\u00f6sten tack vare den trevande dansen p\u00e5 TikTok Under turn\u00e9n i samband med nya albumet Midnight Sun har konsertbes\u00f6kare plockats upp p\u00e5 scenen f\u00f6r att dansa tillsammans med Zara och hennes team.<\/p>\n<p>L\u00e5ten ligger f\u00f6r n\u00e4rvarande ocks\u00e5 p\u00e5 <a href=\"https:\/\/www.musikindustrin.se\/2026\/01\/11\/sverigtopplistan-dubbelt-for-humlan-djojj-josefine-gotestam\/\" rel=\"nofollow noopener\" target=\"_blank\">plats 4 p\u00e5 Sverigetopplistan<\/a>.<\/p>\n<p>Albumet och singeln Midnight Sun \u00e5terfinns dessutom p\u00e5 flera <a href=\"https:\/\/www.musikindustrin.se\/2025\/12\/16\/svensk-musik-pa-internationella-arslistor-2025\/\" rel=\"nofollow noopener\" target=\"_blank\">internationella \u00e5rslistor \u00f6ver 2025 \u00e5rs b\u00e4sta musik<\/a>. \u00a0 Med drygt 45 miljoner lyssnare i m\u00e5naden tillh\u00f6r Zara Larsson just nu v\u00e4rldens 100 mest streamade artister p\u00e5 Spotify.<\/p>\n<p>Foto: Charlotte Rutherford<br \/>Christel Valsinger<\/p>\n<p>\t\tVill du f\u00e5 de viktigaste nyheterna f\u00f6r svensk musikbransch i din mailbox varje vecka? Prenumerera p\u00e5 Musikindustrins nyhetsbrev <a href=\"https:\/\/www.musikindustrin.se\/nyhetsbrev\/\" rel=\"nofollow noopener\" target=\"_blank\"><strong>h\u00e4r<\/strong><\/a>.<\/p>\n<p><a class=\"shareme li\" href=\"https:\/\/www.linkedin.com\/shareArticle?mini=true&amp;url=https:\/\/www.musikindustrin.se\/2026\/01\/12\/lush-life-klattrar-pa-spotify-global\/\" target=\"_blank\" rel=\"noopener noreferrer nofollow\"><br \/>\n   <img decoding=\"async\" alt=\"Linked in\" src=\"https:\/\/www.europesays.com\/se\/wp-content\/uploads\/2025\/10\/share_in.png\"\/><br \/>\n<\/a><\/p>\n<p><a class=\"fb-xfbml-parse-ignore shareme fb\" target=\"_blank\" href=\"https:\/\/www.facebook.com\/sharer\/sharer.php?u=https:\/\/www.musikindustrin.se\/2026\/01\/12\/lush-life-klattrar-pa-spotify-global\/&amp;src=sdkpreparse\" rel=\"nofollow noopener\"><img decoding=\"async\" alt=\"Facebook\" src=\"https:\/\/www.europesays.com\/se\/wp-content\/uploads\/2025\/08\/share_fb.png\"\/><\/a><\/p>\n","protected":false},"excerpt":{"rendered":"Zara Larssons tio \u00e5r gamla hit \u201dLush Life\u201d kl\u00e4ttrar p\u00e5 Spotifys globala Topp 50-lista och ligger nu h\u00f6gre&hellip;\n","protected":false},"author":2,"featured_media":133121,"comment_status":"","ping_status":"","sticky":false,"template":"","format":"standard","meta":{"footnotes":""},"categories":[67],"tags":[104,34,31,33,32,30,105],"class_list":{"0":"post-133120","1":"post","2":"type-post","3":"status-publish","4":"format-standard","5":"has-post-thumbnail","7":"category-underhallning","8":"tag-entertainment","9":"tag-se","10":"tag-svenska","11":"tag-sverige","12":"tag-sweden","13":"tag-swedish","14":"tag-underhallning"},"share_on_mastodon":{"url":"https:\/\/pubeurope.com\/@se\/115881655867123615","error":""},"_links":{"self":[{"href":"https:\/\/www.europesays.com\/se\/wp-json\/wp\/v2\/posts\/133120","targetHints":{"allow":["GET"]}}],"collection":[{"href":"https:\/\/www.europesays.com\/se\/wp-json\/wp\/v2\/posts"}],"about":[{"href":"https:\/\/www.europesays.com\/se\/wp-json\/wp\/v2\/types\/post"}],"author":[{"embeddable":true,"href":"https:\/\/www.europesays.com\/se\/wp-json\/wp\/v2\/users\/2"}],"replies":[{"embeddable":true,"href":"https:\/\/www.europesays.com\/se\/wp-json\/wp\/v2\/comments?post=133120"}],"version-history":[{"count":0,"href":"https:\/\/www.europesays.com\/se\/wp-json\/wp\/v2\/posts\/133120\/revisions"}],"wp:featuredmedia":[{"embeddable":true,"href":"https:\/\/www.europesays.com\/se\/wp-json\/wp\/v2\/media\/133121"}],"wp:attachment":[{"href":"https:\/\/www.europesays.com\/se\/wp-json\/wp\/v2\/media?parent=133120"}],"wp:term":[{"taxonomy":"category","embeddable":true,"href":"https:\/\/www.europesays.com\/se\/wp-json\/wp\/v2\/categories?post=133120"},{"taxonomy":"post_tag","embeddable":true,"href":"https:\/\/www.europesays.com\/se\/wp-json\/wp\/v2\/tags?post=133120"}],"curies":[{"name":"wp","href":"https:\/\/api.w.org\/{rel}","templated":true}]}}