{"id":133122,"date":"2026-01-12T10:29:07","date_gmt":"2026-01-12T10:29:07","guid":{"rendered":"https:\/\/www.europesays.com\/se\/133122\/"},"modified":"2026-01-12T10:29:07","modified_gmt":"2026-01-12T10:29:07","slug":"forsiktig-optimism-bland-bostadsbyggare-fastighetstidningen","status":"publish","type":"post","link":"https:\/\/www.europesays.com\/se\/133122\/","title":{"rendered":"F\u00f6rsiktig optimism bland bostadsbyggare \u2013 Fastighetstidningen"},"content":{"rendered":"<p><strong>I en ny<\/strong> m\u00e4tning av Prognoscentret som avser marknaden inf\u00f6r f\u00f6rsta kvartalet 2026 uppg\u00e5r BoByggarBarometerns index till 60, vilket \u00e4r en \u00f6kning med sex enheter j\u00e4mf\u00f6rt med f\u00f6reg\u00e5ende m\u00e4tning. Ett v\u00e4rde \u00f6ver 50 indikerar f\u00f6rv\u00e4ntningar om en f\u00f6rb\u00e4ttring av marknadsl\u00e4get.<\/p>\n<p>BoByggarBarometern\u00a0baseras p\u00e5 svar fr\u00e5n beslutsfattare hos bostadsutvecklare och sm\u00e5husleverant\u00f6rer och bygger p\u00e5 bed\u00f6mningar av f\u00f6rs\u00e4ljning, byggstarter och det allm\u00e4nna marknadsl\u00e4get. Resultatet pekar p\u00e5 en tilltagande optimism, men samtidigt pr\u00e4glar fortsatt f\u00f6rsiktighet synen p\u00e5 marknaden. <\/p>\n<p style=\"font-size:14px; font-family:'Open Sans',sans-serif; color:grey\">[ Annons ]<\/p>\n<p><a data-track=\"MTgwLDMsNjA=\" class=\"annons_mitten gofollow\" href=\"https:\/\/www.fastighetsagarna.se\/utbildning\/\" rel=\"nofollow noopener\" target=\"_blank\"><img data-lazyloaded=\"1\" decoding=\"async\" src=\"https:\/\/www.europesays.com\/se\/wp-content\/uploads\/2025\/12\/webb-banner-senaste-kunskap-600x360-1.jpg\"\/><\/a><\/p>\n<p><strong>Respondenterna beskriver<\/strong> ett lugnare tempo och ett mer eftert\u00e4nksamt aff\u00e4rsklimat. Efterfr\u00e5gan \u00e4r tydligast i projekt med kort tid till inflytt, medan bost\u00e4der med l\u00e4ngre framf\u00f6rh\u00e5llning fortsatt har svagare marknad.<\/p>\n<p>M\u00e4tningen visar ocks\u00e5 att fler akt\u00f6rer \u00e4n tidigare tror p\u00e5 \u00f6kad syssels\u00e4ttning under de kommande sex m\u00e5naderna, s\u00e4rskilt sett till branschen som helhet. Andelen som f\u00f6rv\u00e4ntar sig minskad personalstyrka har sjunkit j\u00e4mf\u00f6rt med f\u00f6reg\u00e5ende m\u00e4tning.<\/p>\n","protected":false},"excerpt":{"rendered":"I en ny m\u00e4tning av Prognoscentret som avser marknaden inf\u00f6r f\u00f6rsta kvartalet 2026 uppg\u00e5r BoByggarBarometerns index till 60,&hellip;\n","protected":false},"author":2,"featured_media":133123,"comment_status":"","ping_status":"","sticky":false,"template":"","format":"standard","meta":{"footnotes":""},"categories":[65],"tags":[72,70,71,34,31,33,32,30],"class_list":{"0":"post-133122","1":"post","2":"type-post","3":"status-publish","4":"format-standard","5":"has-post-thumbnail","7":"category-ekonomi","8":"tag-business","9":"tag-economy","10":"tag-ekonomi","11":"tag-se","12":"tag-svenska","13":"tag-sverige","14":"tag-sweden","15":"tag-swedish"},"share_on_mastodon":{"url":"https:\/\/pubeurope.com\/@se\/115881663726211420","error":""},"_links":{"self":[{"href":"https:\/\/www.europesays.com\/se\/wp-json\/wp\/v2\/posts\/133122","targetHints":{"allow":["GET"]}}],"collection":[{"href":"https:\/\/www.europesays.com\/se\/wp-json\/wp\/v2\/posts"}],"about":[{"href":"https:\/\/www.europesays.com\/se\/wp-json\/wp\/v2\/types\/post"}],"author":[{"embeddable":true,"href":"https:\/\/www.europesays.com\/se\/wp-json\/wp\/v2\/users\/2"}],"replies":[{"embeddable":true,"href":"https:\/\/www.europesays.com\/se\/wp-json\/wp\/v2\/comments?post=133122"}],"version-history":[{"count":0,"href":"https:\/\/www.europesays.com\/se\/wp-json\/wp\/v2\/posts\/133122\/revisions"}],"wp:featuredmedia":[{"embeddable":true,"href":"https:\/\/www.europesays.com\/se\/wp-json\/wp\/v2\/media\/133123"}],"wp:attachment":[{"href":"https:\/\/www.europesays.com\/se\/wp-json\/wp\/v2\/media?parent=133122"}],"wp:term":[{"taxonomy":"category","embeddable":true,"href":"https:\/\/www.europesays.com\/se\/wp-json\/wp\/v2\/categories?post=133122"},{"taxonomy":"post_tag","embeddable":true,"href":"https:\/\/www.europesays.com\/se\/wp-json\/wp\/v2\/tags?post=133122"}],"curies":[{"name":"wp","href":"https:\/\/api.w.org\/{rel}","templated":true}]}}