{"id":133127,"date":"2026-01-12T10:34:17","date_gmt":"2026-01-12T10:34:17","guid":{"rendered":"https:\/\/www.europesays.com\/se\/133127\/"},"modified":"2026-01-12T10:34:17","modified_gmt":"2026-01-12T10:34:17","slug":"varnamo-stod-for-makalos-vandning","status":"publish","type":"post","link":"https:\/\/www.europesays.com\/se\/133127\/","title":{"rendered":"V\u00e4rnamo stod f\u00f6r makal\u00f6s v\u00e4ndning"},"content":{"rendered":"<p>Det har g\u00e5tt mer \u00e4n tre veckor sedan VGIK senast spelade match och \u00f6ver en m\u00e5nad sedan man vann en.<br \/>Man kan tro att laget f\u00e5tt matchabstinens d\u00e5 onsdagens match hemma mot B\u00e4cken st\u00e4lldes in p\u00e5 grund av ov\u00e4dret.<br \/>Att b\u00f6rja plocka po\u00e4ng \u00e4r snart ett m\u00e5ste f\u00f6r V\u00e4rnamo om man fortfarande vill n\u00e5 Playoff till Division 1.<br \/>I eftermiddags tog man emot V\u00e4nersborg.<\/p>\n<p>G\u00e4sterna tog kommandot och gick fram till en 2\u22120-ledning i den f\u00f6rsta perioden.<br \/>En ledning som V\u00e4rnamos Rasmus Larsson reducerade i mittenakten.<br \/>Den tredje perioden var sen knappt tre minuter gammal n\u00e4r V\u00e4nersborg satte 1\u22123 bakom Jonathan Petersson i VGIK-kassen.<br \/>Det V\u00e4rnamo som under h\u00f6sten fl\u00f6g fram i den s\u00f6dra tv\u00e5an, hade fram till ikv\u00e4ll inte n\u00e5tt samma niv\u00e5 och framg\u00e5ngar, vilket lett till att man parkerar i botten av den nya serien d\u00e4r endast Gislaved ligger efter, fortfarande utan po\u00e4ng.<br \/>S\u00e5 n\u00e4r VHC:s skaffade sig tv\u00e5m\u00e5lsledningen i b\u00f6rjan p\u00e5 tredje perioden s\u00e5 s\u00e5g det \u00e4n en g\u00e5ng m\u00f6rkt ut f\u00f6r V\u00e4rnamo, men som de skulle resa sig.<br \/>Man reducerade, kvitterade och tog ocks\u00e5 ledningen, n\u00e4r knappt fem minuter \u00e5terstod.<br \/>G\u00e4sterna plockade sin m\u00e5lvakt f\u00f6r att f\u00e5 till en kvittering men ist\u00e4llet fastst\u00e4llde Martin M\u00f6rck slutresultatet till 5\u22123 i \u00f6ppen kasse.<br \/>En otrolig comeback av VGIK och tre mycket viktiga po\u00e4ng f\u00f6r forts\u00e4ttningen.<\/p>\n<p>V\u00e4rnamos assisterande tr\u00e4nare, Robin Hult, ger sin sammanfattning av matchen.<br \/>\u2212Det m\u00e4rks i f\u00f6rsta perioden att b\u00e5da lagen inte spelat p\u00e5 ett tag. Det \u00e4r mycket fart men sv\u00e5rt att hantera pucken och stressen som kommer fr\u00e5n motst\u00e5ndet.<br \/>Jag tycker vi har \u00f6vertaget men kommer inte riktigt in p\u00e5 kassen och l\u00e5ter de g\u00f6ra tv\u00e5 enkla m\u00e5l.<\/p>\n<p>\u2212Till den andra perioden s\u00e5 g\u00f6r vi lite f\u00f6r\u00e4ndringar vad g\u00e4ller presspelet d\u00e5 vi tappade mittzon f\u00f6r enkelt.<br \/>Grabbarna svarade bra p\u00e5 detta och satte b\u00e4ttre samlad press mot deras backar. Vi vinner m\u00e5nga puckar djupt i deras zon och kunde snurra runt bra i anfallsspelet. Vi klarar av n\u00e5gra boxplay och v\u00e4xer som grupp. I efterdyningarna av ett PP s\u00e5 f\u00e5r vi till slut, helt v\u00e4lf\u00f6rtj\u00e4nt, in pucken som vi jobbat h\u00e5rt f\u00f6r. H\u00e4r i andra perioden s\u00e5 ser vi ocks\u00e5 skillnad p\u00e5 spelarnas taktiska kunskaper.<\/p>\n<p>\u2212I tredje perioden \u00e4r vi \u00f6verens om att bli lite mer desperata mot m\u00e5l och g\u00f6ra oss jobbiga att m\u00f6ta med fart och underst\u00f6d.<br \/>Efter att de g\u00f6r 1\u22123 s\u00e5 knyter grabbarna n\u00e4varna och forts\u00e4tter trumma p\u00e5. Vi f\u00e5r in psykologiska 2\u22123 och och forts\u00e4tter sprida energi i b\u00e5set och p\u00e5 isen.<br \/>Kvitteringen kommer efter att vi sl\u00e4ngt in pucken mot m\u00e5l med mycket trafik framf\u00f6r kassen.<br \/>4\u22123 kommer efter ett av alla Nils uppoffrande spel d\u00e4r han s\u00e4tter fart och hittar en lucka. D\u00e4r tog vi kommandot till 100% och V\u00e4nersborg hade ingenting att komma med. Vi avslutar bra i fem mot sex och st\u00e4nger matchen med m\u00e5l i tom bur.<\/p>\n<p>Undra p\u00e5 att Hult \u00e4r n\u00f6jd med \u00e5terstarten och det publiken fick se i afton.<\/p>\n<p>\u2212Det \u00e4r en bra match d\u00e4r vi skapar m\u00e5nga chanser, t\u00e4cker skott och \u00e5ker mer skridskor \u00e4n motst\u00e5ndarna. En eloge igen till laget som jobbar \u00e4ven om det studsade emot oss ett tag och att vi f\u00f6ljer \u201dgameplan\u201d till 100%. En fantastiskt sk\u00f6n omstart och kv\u00e4ll i arenan d\u00e4r publiken fick se en underh\u00e5llande match med en h\u00e4rlig sista period som vi nu kan bygga vidare p\u00e5, avslutar Robin.<\/p>\n<p>\u00a0<\/p>\n<p><strong>Period 1<\/strong><br \/>0\u22121 04:03 VHC, Anton Berg (A. Svensson, E. Sahlin)<br \/>0\u22122 17.29 VHC, Anton Berg (A. Svensson)<\/p>\n<p><strong>Period 2<br \/><\/strong>1\u22122 30:07 VGIK, Rasmus Larsson (N. Svensson, A. Andersson)<\/p>\n<p><strong>Period 3<br \/><\/strong>1\u22123 42:52 VHC, Viggo Karlsson (V. Kembel)<br \/>2\u22123 48:30 VGIK, Daniel Bergqvist<br \/>3\u22123 51:46 VGIK, David Good (N. Svensson, M. Eriksson)<br \/>4\u22123 56:37 VGIK, Nils Svensson (L. Edstr\u00f6m)<br \/>5\u22123 59:32 VGIK, Martin M\u00f6rck (D. Bergqvist) Empty Net<\/p>\n<p><strong>Statistik<br \/><\/strong>M\u00e5l: 5\u22123 (0\u22122, 1\u22120, 4\u22121)<br \/>Skott: 36\u221222 (12\u22129, 9\u22126, 15\u22127)<br \/>Utv.min: 6\u22124<br \/>Publik: 129 \u00e5sk\u00e5dare<\/p>\n<p>VGIK:s kommande hemmamatcher:<\/p>\n","protected":false},"excerpt":{"rendered":"Det har g\u00e5tt mer \u00e4n tre veckor sedan VGIK senast spelade match och \u00f6ver en m\u00e5nad sedan man&hellip;\n","protected":false},"author":2,"featured_media":133128,"comment_status":"","ping_status":"","sticky":false,"template":"","format":"standard","meta":{"footnotes":""},"categories":[68],"tags":[34,111,110,31,33,32,30],"class_list":{"0":"post-133127","1":"post","2":"type-post","3":"status-publish","4":"format-standard","5":"has-post-thumbnail","7":"category-sport","8":"tag-se","9":"tag-sport","10":"tag-sports","11":"tag-svenska","12":"tag-sverige","13":"tag-sweden","14":"tag-swedish"},"share_on_mastodon":{"url":"https:\/\/pubeurope.com\/@se\/115881683529520796","error":""},"_links":{"self":[{"href":"https:\/\/www.europesays.com\/se\/wp-json\/wp\/v2\/posts\/133127","targetHints":{"allow":["GET"]}}],"collection":[{"href":"https:\/\/www.europesays.com\/se\/wp-json\/wp\/v2\/posts"}],"about":[{"href":"https:\/\/www.europesays.com\/se\/wp-json\/wp\/v2\/types\/post"}],"author":[{"embeddable":true,"href":"https:\/\/www.europesays.com\/se\/wp-json\/wp\/v2\/users\/2"}],"replies":[{"embeddable":true,"href":"https:\/\/www.europesays.com\/se\/wp-json\/wp\/v2\/comments?post=133127"}],"version-history":[{"count":0,"href":"https:\/\/www.europesays.com\/se\/wp-json\/wp\/v2\/posts\/133127\/revisions"}],"wp:featuredmedia":[{"embeddable":true,"href":"https:\/\/www.europesays.com\/se\/wp-json\/wp\/v2\/media\/133128"}],"wp:attachment":[{"href":"https:\/\/www.europesays.com\/se\/wp-json\/wp\/v2\/media?parent=133127"}],"wp:term":[{"taxonomy":"category","embeddable":true,"href":"https:\/\/www.europesays.com\/se\/wp-json\/wp\/v2\/categories?post=133127"},{"taxonomy":"post_tag","embeddable":true,"href":"https:\/\/www.europesays.com\/se\/wp-json\/wp\/v2\/tags?post=133127"}],"curies":[{"name":"wp","href":"https:\/\/api.w.org\/{rel}","templated":true}]}}