{"id":133135,"date":"2026-01-12T10:40:07","date_gmt":"2026-01-12T10:40:07","guid":{"rendered":"https:\/\/www.europesays.com\/se\/133135\/"},"modified":"2026-01-12T10:40:07","modified_gmt":"2026-01-12T10:40:07","slug":"kvinna-avliden-pa-djursholm-tre-misstanks-for-drap","status":"publish","type":"post","link":"https:\/\/www.europesays.com\/se\/133135\/","title":{"rendered":"Kvinna avliden p\u00e5 Djursholm \u2013 tre misst\u00e4nks f\u00f6r dr\u00e5p"},"content":{"rendered":"<p>Efter att ambulans och polis larmats till Djursholm i Stockholm under s\u00f6ndagen v\u00e4cktes misstankar om brott.<\/p>\n<p>\u2013 En ambulans tillkallades och det fanns oklara omst\u00e4ndigheter kring hennes d\u00f6d som gjorde att man misst\u00e4nkte brott, s\u00e4ger \u00e5klagare Urszula Grabowska, som leder f\u00f6runders\u00f6kningen. <\/p>\n<p>Tre personer har gripits, misst\u00e4nkta f\u00f6r dr\u00e5p.<\/p>\n<p>\u2013 De ska h\u00f6ras under dagen, s\u00e4ger hon. <\/p>\n<p>Enligt<a href=\"https:\/\/www.expressen.se\/nyheter\/krim\/drap-utreds-efter-misstankt-dodshjalp-i-djursholm-kvinna-dod\/\" rel=\"nofollow noopener\" target=\"_blank\"> Expressens uppgifter <\/a>handlar det om misst\u00e4nkt d\u00f6dshj\u00e4lp, n\u00e5got Urszula Grabowska inte vill kommentera.<\/p>\n<p>Texten uppdateras<\/p>\n","protected":false},"excerpt":{"rendered":"Efter att ambulans och polis larmats till Djursholm i Stockholm under s\u00f6ndagen v\u00e4cktes misstankar om brott. \u2013 En&hellip;\n","protected":false},"author":2,"featured_media":793,"comment_status":"","ping_status":"","sticky":false,"template":"","format":"standard","meta":{"footnotes":""},"categories":[5],"tags":[22,23,26,27,17,21,24,25,28,29,15,16,18,34,31,33,32,30,19,20],"class_list":{"0":"post-133135","1":"post","2":"type-post","3":"status-publish","4":"format-standard","5":"has-post-thumbnail","7":"category-rubriker","8":"tag-breaking-news","9":"tag-breakingnews","10":"tag-featured-news","11":"tag-featurednews","12":"tag-headlines","13":"tag-huvudnyheter","14":"tag-latest-news","15":"tag-latestnews","16":"tag-main-news","17":"tag-mainnews","18":"tag-news","19":"tag-nyheter","20":"tag-rubriker","21":"tag-se","22":"tag-svenska","23":"tag-sverige","24":"tag-sweden","25":"tag-swedish","26":"tag-top-stories","27":"tag-topstories"},"share_on_mastodon":{"url":"https:\/\/pubeurope.com\/@se\/115881706941628073","error":""},"_links":{"self":[{"href":"https:\/\/www.europesays.com\/se\/wp-json\/wp\/v2\/posts\/133135","targetHints":{"allow":["GET"]}}],"collection":[{"href":"https:\/\/www.europesays.com\/se\/wp-json\/wp\/v2\/posts"}],"about":[{"href":"https:\/\/www.europesays.com\/se\/wp-json\/wp\/v2\/types\/post"}],"author":[{"embeddable":true,"href":"https:\/\/www.europesays.com\/se\/wp-json\/wp\/v2\/users\/2"}],"replies":[{"embeddable":true,"href":"https:\/\/www.europesays.com\/se\/wp-json\/wp\/v2\/comments?post=133135"}],"version-history":[{"count":0,"href":"https:\/\/www.europesays.com\/se\/wp-json\/wp\/v2\/posts\/133135\/revisions"}],"wp:featuredmedia":[{"embeddable":true,"href":"https:\/\/www.europesays.com\/se\/wp-json\/wp\/v2\/media\/793"}],"wp:attachment":[{"href":"https:\/\/www.europesays.com\/se\/wp-json\/wp\/v2\/media?parent=133135"}],"wp:term":[{"taxonomy":"category","embeddable":true,"href":"https:\/\/www.europesays.com\/se\/wp-json\/wp\/v2\/categories?post=133135"},{"taxonomy":"post_tag","embeddable":true,"href":"https:\/\/www.europesays.com\/se\/wp-json\/wp\/v2\/tags?post=133135"}],"curies":[{"name":"wp","href":"https:\/\/api.w.org\/{rel}","templated":true}]}}