{"id":133150,"date":"2026-01-12T10:56:20","date_gmt":"2026-01-12T10:56:20","guid":{"rendered":"https:\/\/www.europesays.com\/se\/133150\/"},"modified":"2026-01-12T10:56:20","modified_gmt":"2026-01-12T10:56:20","slug":"expressen-direkt-senaste-nytt-i-korthet-1117","status":"publish","type":"post","link":"https:\/\/www.europesays.com\/se\/133150\/","title":{"rendered":"Expressen Direkt \u2013 senaste nytt i korthet"},"content":{"rendered":"<p>USA:s centralbank st\u00e4ms: \u201dPolitiska p\u00e5tryckningar\u201d<\/p>\n<p id=\"isPasted\">USA:s justitiedepartement st\u00e4mmer den amerikanska centralbanken Federal Reserve och hotar med \u00e5tal, uppger bankens chef Jerome Powell i ett videoklipp p\u00e5 X.<\/p>\n<p>I klippet s\u00e4ger Powell att bakgrunden \u00e4r hans vittnesm\u00e5l i somras om bankens h\u00f6gkvarter i Washington. President Donald Trump har tidigare antytt att Powell byggt ett \u201dpalats\u201d till sig sj\u00e4lv.<\/p>\n<p>&#8221;Det h\u00e4r handlar om huruvida Fed kommer att kunna forts\u00e4tta att s\u00e4tta r\u00e4ntorna baserat p\u00e5 bevis och ekonomiska f\u00f6rh\u00e5llanden \u2013 eller om penningpolitiken i st\u00e4llet kommer att styras av politiska p\u00e5tryckningar eller hot&#8221;, s\u00e4ger Powell i klippet, som publicerats p\u00e5 bankens officiella konto.<\/p>\n<p>Justitiedepartementet vill inte kommentera det specifika fallet, men s\u00e4ger i ett uttalande att justitieminister Pam Bondi &#8221;har instruerat sina amerikanska \u00e5klagare att prioritera utredningar av eventuellt missbruk av skattebetalarnas pengar&#8221;, rapporterar AP.<\/p>\n<p>President Donald Trump f\u00f6rnekar att han haft k\u00e4nnedom om justitiedepartementets utredning.\u00a0<\/p>\n<p>\u2013 Jag vet ingenting om det, \u00a0men han \u00e4r sannerligen inte s\u00e4rskilt bra d\u00e4r p\u00e5 Fed, och han \u00e4r inte s\u00e4rskilt bra p\u00e5 att bygga byggnader, s\u00e4ger Trump enligt <a href=\"https:\/\/www.nbcnews.com\/politics\/donald-trump\/trump-denies-involvement-doj-fed-subpoena-jerome-powell-rcna253526\" target=\"_top\" rel=\"nofollow noopener\">NBC News.<\/a><\/p>\n<p>Vita huset har tidigare sagt att man unders\u00f6ker m\u00f6jligheten att sparka Powell, som tilltr\u00e4dde 2018 och vars f\u00f6rordnande l\u00f6per ut i maj i \u00e5r.<\/p>\n<p>(TT \/\u00a0 Expressen )<\/p>\n","protected":false},"excerpt":{"rendered":"USA:s centralbank st\u00e4ms: \u201dPolitiska p\u00e5tryckningar\u201d USA:s justitiedepartement st\u00e4mmer den amerikanska centralbanken Federal Reserve och hotar med \u00e5tal, uppger&hellip;\n","protected":false},"author":2,"featured_media":39,"comment_status":"","ping_status":"","sticky":false,"template":"","format":"standard","meta":{"footnotes":""},"categories":[5],"tags":[22,23,26,27,17,21,24,25,28,29,15,16,18,34,31,33,32,30,19,20],"class_list":{"0":"post-133150","1":"post","2":"type-post","3":"status-publish","4":"format-standard","5":"has-post-thumbnail","7":"category-rubriker","8":"tag-breaking-news","9":"tag-breakingnews","10":"tag-featured-news","11":"tag-featurednews","12":"tag-headlines","13":"tag-huvudnyheter","14":"tag-latest-news","15":"tag-latestnews","16":"tag-main-news","17":"tag-mainnews","18":"tag-news","19":"tag-nyheter","20":"tag-rubriker","21":"tag-se","22":"tag-svenska","23":"tag-sverige","24":"tag-sweden","25":"tag-swedish","26":"tag-top-stories","27":"tag-topstories"},"share_on_mastodon":{"url":"https:\/\/pubeurope.com\/@se\/115881769865680162","error":""},"_links":{"self":[{"href":"https:\/\/www.europesays.com\/se\/wp-json\/wp\/v2\/posts\/133150","targetHints":{"allow":["GET"]}}],"collection":[{"href":"https:\/\/www.europesays.com\/se\/wp-json\/wp\/v2\/posts"}],"about":[{"href":"https:\/\/www.europesays.com\/se\/wp-json\/wp\/v2\/types\/post"}],"author":[{"embeddable":true,"href":"https:\/\/www.europesays.com\/se\/wp-json\/wp\/v2\/users\/2"}],"replies":[{"embeddable":true,"href":"https:\/\/www.europesays.com\/se\/wp-json\/wp\/v2\/comments?post=133150"}],"version-history":[{"count":0,"href":"https:\/\/www.europesays.com\/se\/wp-json\/wp\/v2\/posts\/133150\/revisions"}],"wp:featuredmedia":[{"embeddable":true,"href":"https:\/\/www.europesays.com\/se\/wp-json\/wp\/v2\/media\/39"}],"wp:attachment":[{"href":"https:\/\/www.europesays.com\/se\/wp-json\/wp\/v2\/media?parent=133150"}],"wp:term":[{"taxonomy":"category","embeddable":true,"href":"https:\/\/www.europesays.com\/se\/wp-json\/wp\/v2\/categories?post=133150"},{"taxonomy":"post_tag","embeddable":true,"href":"https:\/\/www.europesays.com\/se\/wp-json\/wp\/v2\/tags?post=133150"}],"curies":[{"name":"wp","href":"https:\/\/api.w.org\/{rel}","templated":true}]}}