{"id":133164,"date":"2026-01-12T11:11:10","date_gmt":"2026-01-12T11:11:10","guid":{"rendered":"https:\/\/www.europesays.com\/se\/133164\/"},"modified":"2026-01-12T11:11:10","modified_gmt":"2026-01-12T11:11:10","slug":"folkbildning-som-gemensamt-ansvar-sandaren","status":"publish","type":"post","link":"https:\/\/www.europesays.com\/se\/133164\/","title":{"rendered":"Folkbildning som gemensamt ansvar &#8211; S\u00e4ndaren"},"content":{"rendered":"<p>Equmeniakyrkan delar oron \u00f6ver den pressade situation som m\u00e5nga folkh\u00f6gskolor och delar av folkbildningen befinner sig i, och som Fredrik Johansson skrev om i <a href=\"https:\/\/sandaren.se\/debatt\/2026\/01\/07\/vad-har-equmeniakyrkan-for-folkbildningsvision\/\" rel=\"nofollow noopener\" target=\"_blank\">sin debattartikel <\/a>f\u00f6rra veckan. De senaste \u00e5rens ekonomiska utmaningar visar tydligt att folkbildningen beh\u00f6ver b\u00e5de f\u00f6rsvaras och utvecklas \u2013 och att huvudm\u00e4n beh\u00f6ver vara tydliga med ansvar, riktning och ambition.<\/p>\n<p>Folkbildning \u00e4r en b\u00e4rande del av Equmeniakyrkans identitet och uppdrag. V\u00e5r bildningssyn sl\u00e5r fast att bildning handlar om livsl\u00e5ngt l\u00e4rande, personlig mognad, l\u00e4rjungaskap och ansvarstagande i samh\u00e4llet. Det \u00e4r inte enbart en fr\u00e5ga om kompetensf\u00f6rs\u00f6rjning, utan om att rustas f\u00f6r livet, f\u00f6r det goda samtalet, f\u00f6rvaltarskapet och ett gemensamt ansvar f\u00f6r v\u00e4rlden.<\/p>\n<p>Som huvudman f\u00f6r fem folkh\u00f6gskolor och i n\u00e4ra samverkan med Equmenia\u00a0har Equmeniakyrkan\u00a0ett s\u00e4rskilt ansvar. Detta ansvar tydligg\u00f6rs i gemensamma styrdokument som beskriver syftet med folkh\u00f6gskoleverksamheten, rollerna i huvudmannaskapet och formerna f\u00f6r samverkan, uppf\u00f6ljning och l\u00e4rande utveckling. Samtidigt v\u00e4rnas folkh\u00f6gskolornas sj\u00e4lvst\u00e4ndighet och folkbildningens pedagogiska frihet.<\/p>\n<p>Men Equmeniakyrkans folkbildning sker inte bara i folkh\u00f6gskolorna. I f\u00f6rsamlingar runt om i landet bedrivs ett omfattande bildningsarbete i samverkan med Studief\u00f6rbundet Bilda\u00a0\u2013 genom studiecirklar, ledarutbildningar, kulturverksamhet, samtal om tro och samh\u00e4lle, och rum f\u00f6r m\u00e4nniskor att v\u00e4xa tillsammans. Detta lokala folkbildningsarbete \u00e4r avg\u00f6rande f\u00f6r demokratin, f\u00f6r civilsamh\u00e4llet och f\u00f6r kyrkans liv, och \u00e4r en sj\u00e4lvklar del av helheten.<\/p>\n<p>Samtidigt beh\u00f6ver vi vara \u00e4rliga: det \u00e4r nu l\u00e4ge att b\u00e5de st\u00e5 upp f\u00f6r folkbildningen och att pr\u00f6va nya v\u00e4gar. Equmeniakyrkan och Equmenia har varit aktiva i remissarbete kring folkbildningsutredningen och f\u00f6r\u00e4ndringar av bidragssystemet, och vi \u00e4r beredda att forts\u00e4tta vara tydliga r\u00f6ster n\u00e4r nya villkor f\u00f6resl\u00e5s. Parallellt p\u00e5g\u00e5r ett internt utvecklingsarbete d\u00e4r vi ser \u00f6ver hur resurser kan anv\u00e4ndas klokare och mer gemensamt.<\/p>\n<p>Det handlar till exempel om att:<\/p>\n<ul class=\"wp-block-list\">\n<li>dela fler funktioner mellan skolor och organisationer, s\u00e5som ekonomi, HR och kommunikation<\/li>\n<li>samlokalisera verksamheter d\u00e4r det \u00e4r m\u00f6jligt<\/li>\n<li>anv\u00e4nda folkh\u00f6gskolornas lokaler och kompetenser mer f\u00f6r konferenser, f\u00f6rsamlingsl\u00e4ger och kortkurser<\/li>\n<li>uppmuntra fler f\u00f6rsamlingar att f\u00f6rl\u00e4gga kurser och utvecklingsprocesser till sin n\u00e4rmaste folkh\u00f6gskola<\/li>\n<li>st\u00e4rka f\u00f6rsamlingar som l\u00e4rande gemenskaper inom omr\u00e5den som gudstj\u00e4nstledarskap, freds- och konflikthantering, teologisk f\u00f6rdjupning, skrivande och profetiskt spr\u00e5k<\/li>\n<\/ul>\n<p>Vi \u00e4r inne i en f\u00f6r\u00e4ndringsprocess d\u00e4r vi allt tydligare ser folkbildningen \u2013 folkh\u00f6gskolor, studief\u00f6rbund, f\u00f6rsamlingar och andra organisationer \u2013 som delar av samma levande tr\u00e4d. Vi \u00e4r inte f\u00e4rdiga, men vi arbetar medvetet f\u00f6r att skapa fler synergier och ett mer sammanh\u00e5llet l\u00e4rande ekosystem.<\/p>\n<p>F\u00f6r Equmeniakyrkan \u00e4r folkbildning en del av det diakonala uppdraget: ett s\u00e4tt att leva med i ett samh\u00e4lle i st\u00e4ndig omvandling, att skapa rum d\u00e4r m\u00e4nniskor f\u00e5r t\u00e4nka, skapa, tvivla, fantisera, tro och v\u00e4xa \u2013 inte bara de som redan har mest resurser, utan alla.<\/p>\n<p>Det \u00e4r en vision vi st\u00e5r f\u00f6r. Och det \u00e4r ett arbete vi vill forts\u00e4tta utveckla, tillsammans.<\/p>\n<p>\/Linn\u00e9a Lidskog<br \/>Enhetschef enheten ordinerade medarbetare och Utbildning<\/p>\n<p>Jenny Kimming<br \/>Rektor Bromma folkh\u00f6gskola och ordf\u00f6rande i Folkh\u00f6gskoler\u00e5det, samverkansr\u00e5det mellan Equmeniakyrkan, Equmenia och de fem folkh\u00f6gskolorna\u00a0<\/p>\n","protected":false},"excerpt":{"rendered":"Equmeniakyrkan delar oron \u00f6ver den pressade situation som m\u00e5nga folkh\u00f6gskolor och delar av folkbildningen befinner sig i, och&hellip;\n","protected":false},"author":2,"featured_media":133165,"comment_status":"","ping_status":"","sticky":false,"template":"","format":"standard","meta":{"footnotes":""},"categories":[12],"tags":[22,23,26,27,17,21,24,25,28,29,15,16,18,34,31,33,32,30,19,20],"class_list":{"0":"post-133164","1":"post","2":"type-post","3":"status-publish","4":"format-standard","5":"has-post-thumbnail","7":"category-sverige","8":"tag-breaking-news","9":"tag-breakingnews","10":"tag-featured-news","11":"tag-featurednews","12":"tag-headlines","13":"tag-huvudnyheter","14":"tag-latest-news","15":"tag-latestnews","16":"tag-main-news","17":"tag-mainnews","18":"tag-news","19":"tag-nyheter","20":"tag-rubriker","21":"tag-se","22":"tag-svenska","23":"tag-sverige","24":"tag-sweden","25":"tag-swedish","26":"tag-top-stories","27":"tag-topstories"},"share_on_mastodon":{"url":"https:\/\/pubeurope.com\/@se\/115881828950059833","error":""},"_links":{"self":[{"href":"https:\/\/www.europesays.com\/se\/wp-json\/wp\/v2\/posts\/133164","targetHints":{"allow":["GET"]}}],"collection":[{"href":"https:\/\/www.europesays.com\/se\/wp-json\/wp\/v2\/posts"}],"about":[{"href":"https:\/\/www.europesays.com\/se\/wp-json\/wp\/v2\/types\/post"}],"author":[{"embeddable":true,"href":"https:\/\/www.europesays.com\/se\/wp-json\/wp\/v2\/users\/2"}],"replies":[{"embeddable":true,"href":"https:\/\/www.europesays.com\/se\/wp-json\/wp\/v2\/comments?post=133164"}],"version-history":[{"count":0,"href":"https:\/\/www.europesays.com\/se\/wp-json\/wp\/v2\/posts\/133164\/revisions"}],"wp:featuredmedia":[{"embeddable":true,"href":"https:\/\/www.europesays.com\/se\/wp-json\/wp\/v2\/media\/133165"}],"wp:attachment":[{"href":"https:\/\/www.europesays.com\/se\/wp-json\/wp\/v2\/media?parent=133164"}],"wp:term":[{"taxonomy":"category","embeddable":true,"href":"https:\/\/www.europesays.com\/se\/wp-json\/wp\/v2\/categories?post=133164"},{"taxonomy":"post_tag","embeddable":true,"href":"https:\/\/www.europesays.com\/se\/wp-json\/wp\/v2\/tags?post=133164"}],"curies":[{"name":"wp","href":"https:\/\/api.w.org\/{rel}","templated":true}]}}