{"id":133184,"date":"2026-01-12T11:28:14","date_gmt":"2026-01-12T11:28:14","guid":{"rendered":"https:\/\/www.europesays.com\/se\/133184\/"},"modified":"2026-01-12T11:28:14","modified_gmt":"2026-01-12T11:28:14","slug":"vilma-anderssons-ord-har-kroppsdelar-i-frysen","status":"publish","type":"post","link":"https:\/\/www.europesays.com\/se\/133184\/","title":{"rendered":"Vilma Anderssons ord: Har kroppsdelar i frysen"},"content":{"rendered":"<p>\u2013 Jag har kroppsdelar i frysen.<\/p>\n<p>Det var mordmisst\u00e4nkte Vilma Anderssons f\u00f6rsta ord till polisen efter gripandet, rapporterar <a href=\"https:\/\/www.tv4.se\/artikel\/3S4PWCAP4BkmmLh7DtDw4f\/26-aringens-kusliga-ord-vid-mordgripandet-kroppsdelar-i-frysen\" rel=\"nofollow noopener\" target=\"_blank\">TV4 Nyheterna.\u00a0<\/a><\/p>\n<p><img loading=\"lazy\"   alt=\"\"\/><\/p>\n<p>Vilma Andersson misst\u00e4nks f\u00f6r mordet i R\u00f6nninge.<\/p>\n<p>\u00d6ppna bild i helsk\u00e4rm<img loading=\"lazy\"   alt=\"\"\/><\/p>\n<p>N\u00e4r polisen grep Vilma Andersson ska han ha sagt att han har \u201dkroppsdelar i frysen\u201d.<\/p>\n<p>Foto: BLALJUSBILDER<\/p>\n<p>\u00d6ppna bild i helsk\u00e4rm<\/p>\n<p>Den 25-\u00e5riga kvinnan <a href=\"https:\/\/www.expressen.se\/nyheter\/sverige\/mordet-pa-25-arig-kvinna-i-ronninge-fyra-punkter\/\" rel=\"nofollow noopener\" target=\"_blank\">var p\u00e5 v\u00e4g hem fr\u00e5n pendelt\u00e5get<\/a> i R\u00f6nninge natten till annandagen n\u00e4r hon pl\u00f6tsligt \u00f6verf\u00f6lls av <a href=\"https:\/\/www.expressen.se\/tagg\/person\/vilma-andersson\/\" class=\"\" rel=\"nofollow noopener\" target=\"_blank\">Vilma Andersson<\/a>, enligt polisens misstankar.<\/p>\n<p>Vilma Andersson sitter h\u00e4ktad misst\u00e4nkt f\u00f6r mord och grovt gravfridsbrott. Han har erk\u00e4nt grovt gravfridsbrott, men inte mord.<\/p>\n<p>Teorin \u00e4r att Vilma Andersson gett sig ut f\u00f6r att hitta sitt offer.<\/p>\n<p>N\u00e4r han fick syn p\u00e5 den 25-\u00e5riga kvinnan k\u00f6rde han fram och blockerade v\u00e4gen f\u00f6r henne, enligt misstankarna.<\/p>\n<p>Detta har h\u00e4nt \u2013 mordet i R\u00f6nninge<\/p>\n<p>\u2022 En 25-\u00e5rig kvinna f\u00f6rsvann natten till annandagen i R\u00f6nninge i Salems kommun.<\/p>\n<p>\u2022 P\u00e5 l\u00f6rdagen den 27 december hittades kvinnan d\u00f6d i ett skogsomr\u00e5de.<\/p>\n<p>\u2022 26-\u00e5rige Vilma Andersson \u00e4r h\u00e4ktad misst\u00e4nkt f\u00f6r mord och grovt gravfridsbrott.<\/p>\n<p>\u2022 Han f\u00f6rnekar mord, men erk\u00e4nner sig skyldig till grovt gravfridsbrott.<\/p>\n<p>\u2022 Motivet till mordet \u00e4r oklart. Enligt \u00e5klagaren tyder allt p\u00e5 att Andersson valt ut sitt offer slumpm\u00e4ssigt.<\/p>\n<p>\u2022 Andersson har tidigare d\u00f6mts f\u00f6r f\u00f6rs\u00f6k till m\u00e4nniskorov. I samband med det hittade polisen stora m\u00e4ngder barnpornografi i 26-\u00e5ringens dator.<\/p>\n<p>Visa merSpanade p\u00e5 Vilma Andersson<\/p>\n<p>Anh\u00f6riga, som var ute och letade efter kvinnan p\u00e5 annandagen, hittade hammare och buntband p\u00e5 marken. De larmade polisen om det, och fynden skickades d\u00e5 med expressfart till NFC som fick DNA-tr\u00e4ff.<\/p>\n<p>Sp\u00e5ren ledde till Vilma Andersson.<\/p>\n<p>Efter att man f\u00e5tt DNA-tr\u00e4ffen p\u00e5 Vilma Andersson inleddes en spaningsinsats. Polisen jobbade utifr\u00e5n att den f\u00f6rsvunna kvinnan var vid liv och utredde fallet som misst\u00e4nkt m\u00e4nniskorov.<\/p>\n<p>I det arbetet gjorde polisen en hemlig husrannsakan i Vilma Anderssons hem \u2013 ett attefallshus han hyrde \u2013 n\u00e4r han var p\u00e5 sitt jobb, <a href=\"https:\/\/www.expressen.se\/nyheter\/krim\/uppgifter-polisen-missade-kroppen--hemma-hos-vilma-andersson\/\" rel=\"nofollow noopener\" target=\"_blank\">vilket Expressen tidigare ber\u00e4ttat.<\/a><\/p>\n<p>Polisen spanade p\u00e5 26-\u00e5ringen i hopp om att han skulle leda dem till offret.<\/p>\n<p>Uppgifter: F\u00f6rsta orden<\/p>\n<p>Efter att ha varit p\u00e5 jobbet kom Vilma Andersson tillbaka hem.<\/p>\n<p>P\u00e5 distans f\u00f6ljde polisen n\u00e4r han kom ut fr\u00e5n sin bostad, utrustad med bland annat en spade som han packade in i bilen. Man ska d\u00e5 ha f\u00f6ljt honom n\u00e4r han gick ut till ett skogsparti och b\u00f6rjade gr\u00e4va.<\/p>\n<p>D\u00e5 best\u00e4mde sig polisen f\u00f6r att sl\u00e5 till och grep Vilma Andersson p\u00e5 bar g\u00e4rning. Redan d\u00e4r erk\u00e4nde han delar av brottsmisstankarna.<\/p>\n<p>\u2013 Jag har kroppsdelarna i frysen, ska han enligt uppgifter till TV4 Nyheterna ha sagt till poliserna efter gripandet.<\/p>\n<p>N\u00e4r polisen gjorde en ny husrannsakan i bostaden hittade de kroppsdelar i kylsk\u00e5pet.<\/p>\n<p><strong>L\u00c4S MER: <\/strong><a href=\"https:\/\/www.expressen.se\/nyheter\/krim\/uppgifter-polisen-missade-kroppen--hemma-hos-vilma-andersson\/\" class=\"\" rel=\"nofollow noopener\" target=\"_blank\">Uppgifter: Polisen missade kroppen  hemma hos Vilma Andersson<\/a><strong>L\u00c4S MER: <\/strong><a href=\"https:\/\/www.expressen.se\/kronikorer\/fredrik-sjoshult\/vilma-andersson-ville-domas-till-fangelse\/\" class=\"\" rel=\"nofollow noopener\" target=\"_blank\">FREDRIK SJ\u00d6SHULT: Vilma Andersson ville d\u00f6mas till f\u00e4ngelse<\/a><\/p>\n","protected":false},"excerpt":{"rendered":"\u2013 Jag har kroppsdelar i frysen. Det var mordmisst\u00e4nkte Vilma Anderssons f\u00f6rsta ord till polisen efter gripandet, rapporterar&hellip;\n","protected":false},"author":2,"featured_media":133185,"comment_status":"","ping_status":"","sticky":false,"template":"","format":"standard","meta":{"footnotes":""},"categories":[5],"tags":[22,23,26,27,17,21,24,25,12658,28,29,15,12855,16,400,12888,18,34,666,31,33,32,30,19,436,20],"class_list":{"0":"post-133184","1":"post","2":"type-post","3":"status-publish","4":"format-standard","5":"has-post-thumbnail","7":"category-rubriker","8":"tag-breaking-news","9":"tag-breakingnews","10":"tag-featured-news","11":"tag-featurednews","12":"tag-headlines","13":"tag-huvudnyheter","14":"tag-latest-news","15":"tag-latestnews","16":"tag-location-ronninge","17":"tag-main-news","18":"tag-mainnews","19":"tag-news","20":"tag-newsstory-kvinna-mordad-i-ronninge","21":"tag-nyheter","22":"tag-organization-polisen","23":"tag-person-vilma-andersson","24":"tag-rubriker","25":"tag-se","26":"tag-sections-krim","27":"tag-svenska","28":"tag-sverige","29":"tag-sweden","30":"tag-swedish","31":"tag-top-stories","32":"tag-topic-valdsbrott-mord","33":"tag-topstories"},"share_on_mastodon":{"url":"https:\/\/pubeurope.com\/@se\/115881895738491681","error":""},"_links":{"self":[{"href":"https:\/\/www.europesays.com\/se\/wp-json\/wp\/v2\/posts\/133184","targetHints":{"allow":["GET"]}}],"collection":[{"href":"https:\/\/www.europesays.com\/se\/wp-json\/wp\/v2\/posts"}],"about":[{"href":"https:\/\/www.europesays.com\/se\/wp-json\/wp\/v2\/types\/post"}],"author":[{"embeddable":true,"href":"https:\/\/www.europesays.com\/se\/wp-json\/wp\/v2\/users\/2"}],"replies":[{"embeddable":true,"href":"https:\/\/www.europesays.com\/se\/wp-json\/wp\/v2\/comments?post=133184"}],"version-history":[{"count":0,"href":"https:\/\/www.europesays.com\/se\/wp-json\/wp\/v2\/posts\/133184\/revisions"}],"wp:featuredmedia":[{"embeddable":true,"href":"https:\/\/www.europesays.com\/se\/wp-json\/wp\/v2\/media\/133185"}],"wp:attachment":[{"href":"https:\/\/www.europesays.com\/se\/wp-json\/wp\/v2\/media?parent=133184"}],"wp:term":[{"taxonomy":"category","embeddable":true,"href":"https:\/\/www.europesays.com\/se\/wp-json\/wp\/v2\/categories?post=133184"},{"taxonomy":"post_tag","embeddable":true,"href":"https:\/\/www.europesays.com\/se\/wp-json\/wp\/v2\/tags?post=133184"}],"curies":[{"name":"wp","href":"https:\/\/api.w.org\/{rel}","templated":true}]}}