{"id":133191,"date":"2026-01-12T11:35:10","date_gmt":"2026-01-12T11:35:10","guid":{"rendered":"https:\/\/www.europesays.com\/se\/133191\/"},"modified":"2026-01-12T11:35:10","modified_gmt":"2026-01-12T11:35:10","slug":"tre-personer-misstankta-for-drap-i-djursholm-vasterbottens-kuriren","status":"publish","type":"post","link":"https:\/\/www.europesays.com\/se\/133191\/","title":{"rendered":"Tre personer misst\u00e4nkta f\u00f6r dr\u00e5p i Djursholm &#8211; V\u00e4sterbottens-Kuriren"},"content":{"rendered":"<ol>\n<li><a href=\"https:\/\/news.google.com\/rss\/articles\/CBMihgFBVV95cUxQOFlqb2ZId0ZCNkJETWxwc1VVd3FqdjlfWEF3WWxfc2hiLXZUdEFwNWgtR1prZ1FrZk1Da1dmeGc5czVHQ184TGpiUU9lU0RoMURzckZpZTZwR2V6U3Y3eldmbGtqdXNaMG1HV0xKNXd6VWZxRlpCcVZVMkx0SngtcEhoSmdrZw?oc=5\" target=\"_blank\" rel=\"nofollow noopener\">Tre personer misst\u00e4nkta f\u00f6r dr\u00e5p i Djursholm<\/a>&nbsp;&nbsp;V\u00e4sterbottens-Kuriren<\/li>\n<li><a href=\"https:\/\/news.google.com\/rss\/articles\/CBMiigFBVV95cUxQRVBBSFZiTy1DLVFfOGpodDNCdmRIY1NMT1BjMEIyNlNsMGI1azNieFpEOFlHZEZ6TnVuVktZRjh6R2ZZek8yaWUxRlFkX3ZoZUhDbnRoUzV5bWJBYXctTE5wNEhwNEsxazFOQTdvdkVlSnVzNERWaGxtell4ZldJeHg1dmhmNGRnN3c?oc=5\" target=\"_blank\" rel=\"nofollow noopener\">Misst\u00e4nkt d\u00f6dshj\u00e4lp i Djursholm<\/a>&nbsp;&nbsp;Aftonbladet<\/li>\n<li><a href=\"https:\/\/news.google.com\/rss\/articles\/CBMijgFBVV95cUxQanpObWJuemxaVGZmSGZub1J5M2MydGFCUmwxWEFJM0pDZ3hueGNFMzV1elV5YnhjWUgzQThXZjkzWnFPcHpnLUNSVHUzR1pVSWlBYnUzbmJpc2d0RHpsSl9pdFJrS292b3c0Z2Zua25kNXNobHhGTHlvaWFFQy01d1M0V0tYdjltZTdvTC1n?oc=5\" target=\"_blank\" rel=\"nofollow noopener\">Sv\u00e5rt sjuk kvinna d\u00f6d i Djursholm \u2013 tre misst\u00e4nks f\u00f6r dr\u00e5p &#8211; P4 Stockholm<\/a>&nbsp;&nbsp;Sveriges Radio<\/li>\n<li><a href=\"https:\/\/news.google.com\/rss\/articles\/CBMifEFVX3lxTFBEdXY5TzBfSVBWUUpDNW9MWmlLR2N3WGZjWWhrbGZRblExOXllWm9JaXVmVzZ0SWxfSmJvNUdWTU9pZHdweU15ZDR5eHNHQkltMGxRZU9QWlFRYVZJYWI4SDdHMjBIWWhnYkpuYnVUakNOaU5RX2Y2Y1VZMW4?oc=5\" target=\"_blank\" rel=\"nofollow noopener\">Kvinna d\u00f6d efter misst\u00e4nkt d\u00f6dshj\u00e4lp \u2013 tre gripna<\/a>&nbsp;&nbsp;Omni<\/li>\n<li><a href=\"https:\/\/news.google.com\/rss\/articles\/CBMioAFBVV95cUxNdnZ4VEFUazdUYmlKSWtBQXhSV1ZCUE9NVzF2ZTJlQjhVNTJXb3owazZTODdzYnJJb1dQLTA5SUwwSG5GeFRmTU9KMkU5c05yMjd5VzFCTU84cVpGamp2dXVYUC1nN3diWUc2dkVtc2czNTdrdzZxOXowMWplendJUzhrVWx2dlNoQjR0TVZWRzhoeXBRRDBPX2FjUlBYU1Mx?oc=5\" target=\"_blank\" rel=\"nofollow noopener\">Kvinna d\u00f6d i Djursholm \u2013 tre misst\u00e4nks f\u00f6r d\u00f6dshj\u00e4lp<\/a>&nbsp;&nbsp;Expressen<\/li>\n<\/ol>\n","protected":false},"excerpt":{"rendered":"Tre personer misst\u00e4nkta f\u00f6r dr\u00e5p i Djursholm&nbsp;&nbsp;V\u00e4sterbottens-Kuriren Misst\u00e4nkt d\u00f6dshj\u00e4lp i Djursholm&nbsp;&nbsp;Aftonbladet Sv\u00e5rt sjuk kvinna d\u00f6d i Djursholm \u2013&hellip;\n","protected":false},"author":2,"featured_media":133192,"comment_status":"","ping_status":"","sticky":false,"template":"","format":"standard","meta":{"footnotes":""},"categories":[12],"tags":[22,23,26,27,17,21,24,25,28,29,15,16,18,34,31,33,32,30,19,20],"class_list":{"0":"post-133191","1":"post","2":"type-post","3":"status-publish","4":"format-standard","5":"has-post-thumbnail","7":"category-sverige","8":"tag-breaking-news","9":"tag-breakingnews","10":"tag-featured-news","11":"tag-featurednews","12":"tag-headlines","13":"tag-huvudnyheter","14":"tag-latest-news","15":"tag-latestnews","16":"tag-main-news","17":"tag-mainnews","18":"tag-news","19":"tag-nyheter","20":"tag-rubriker","21":"tag-se","22":"tag-svenska","23":"tag-sverige","24":"tag-sweden","25":"tag-swedish","26":"tag-top-stories","27":"tag-topstories"},"share_on_mastodon":{"url":"https:\/\/pubeurope.com\/@se\/115881923271146836","error":""},"_links":{"self":[{"href":"https:\/\/www.europesays.com\/se\/wp-json\/wp\/v2\/posts\/133191","targetHints":{"allow":["GET"]}}],"collection":[{"href":"https:\/\/www.europesays.com\/se\/wp-json\/wp\/v2\/posts"}],"about":[{"href":"https:\/\/www.europesays.com\/se\/wp-json\/wp\/v2\/types\/post"}],"author":[{"embeddable":true,"href":"https:\/\/www.europesays.com\/se\/wp-json\/wp\/v2\/users\/2"}],"replies":[{"embeddable":true,"href":"https:\/\/www.europesays.com\/se\/wp-json\/wp\/v2\/comments?post=133191"}],"version-history":[{"count":0,"href":"https:\/\/www.europesays.com\/se\/wp-json\/wp\/v2\/posts\/133191\/revisions"}],"wp:featuredmedia":[{"embeddable":true,"href":"https:\/\/www.europesays.com\/se\/wp-json\/wp\/v2\/media\/133192"}],"wp:attachment":[{"href":"https:\/\/www.europesays.com\/se\/wp-json\/wp\/v2\/media?parent=133191"}],"wp:term":[{"taxonomy":"category","embeddable":true,"href":"https:\/\/www.europesays.com\/se\/wp-json\/wp\/v2\/categories?post=133191"},{"taxonomy":"post_tag","embeddable":true,"href":"https:\/\/www.europesays.com\/se\/wp-json\/wp\/v2\/tags?post=133191"}],"curies":[{"name":"wp","href":"https:\/\/api.w.org\/{rel}","templated":true}]}}