{"id":133193,"date":"2026-01-12T11:36:19","date_gmt":"2026-01-12T11:36:19","guid":{"rendered":"https:\/\/www.europesays.com\/se\/133193\/"},"modified":"2026-01-12T11:36:19","modified_gmt":"2026-01-12T11:36:19","slug":"nya-attacker-mot-kiev-flera-explosioner","status":"publish","type":"post","link":"https:\/\/www.europesays.com\/se\/133193\/","title":{"rendered":"Nya attacker mot Kiev \u2013 flera explosioner"},"content":{"rendered":"<p class=\"boxtextgrotesk-root_baa6 hyperion-css-7pajle\">Uppdaterad 10.15 | Publicerad 07.53<\/p>\n<p>share-arrowDela<\/p>\n<p>unsaveSpara<\/p>\n<p class=\"hyperion-css-1shl3oz\" data-test-tag=\"lead-text\">Kiev \u00e4r \u00e5terigen under attack, rapporterar flera medier.<\/p>\n<p class=\"hyperion-css-1shl3oz\" data-test-tag=\"lead-text\">Angreppen sker i ett l\u00e4ge d\u00e4r tusentals inv\u00e5nare i den kylslagna ukrainska huvudstaden \u00e4r utan el och v\u00e4rme efter tidigare ryska anfall.<\/p>\n<p class=\"hyperion-css-1v9qo5x\">Ryssland har under natten skickat en v\u00e5g av dr\u00f6nare mot Kiev. Flera explosioner ska ha h\u00f6rts omkring klockan 01.30, lokal tid.<\/p>\n<p class=\"hyperion-css-1v9qo5x\">Minst en byggnad har tr\u00e4ffats och b\u00f6rjat brinna, rapporterar tidningen The Kyiv Independent.<\/p>\n<p class=\"hyperion-css-1v9qo5x\">\u00c4ven storstaden Odessa vid Svarta havet har rammats av nattliga ryska attacker. Till f\u00f6ljd \u00e4r \u00f6ver 30\u00a0000 familjer utan str\u00f6m, uppger det privata energibolaget DTEK enligt nyhetsbyr\u00e5n NTB.<\/p>\n<p class=\"hyperion-css-1v9qo5x\">Tusentals Kievbor \u00e4r redan str\u00f6ml\u00f6sa efter fredagens omfattande ryska angrepp, d\u00e5 Ryssland anf\u00f6ll med bland annat en hypersonisk robot. H\u00e4lften av stadens l\u00e4genhetshus uppges ha drabbats av str\u00f6mavbrott i och med attackerna, i vilka minst fyra personer d\u00f6dades.<\/p>\n<p class=\"hyperion-css-1v9qo5x\">Samtidigt sjunker temperaturerna i staden och n\u00e4rmar sig nu 20 minusgrader, rapporterar nyhetsbyr\u00e5n EFE.<\/p>\n","protected":false},"excerpt":{"rendered":"Uppdaterad 10.15 | Publicerad 07.53 share-arrowDela unsaveSpara Kiev \u00e4r \u00e5terigen under attack, rapporterar flera medier. Angreppen sker i&hellip;\n","protected":false},"author":2,"featured_media":465,"comment_status":"","ping_status":"","sticky":false,"template":"","format":"standard","meta":{"footnotes":""},"categories":[5],"tags":[22,23,26,27,17,21,24,25,28,29,15,16,18,34,31,33,32,30,19,20],"class_list":{"0":"post-133193","1":"post","2":"type-post","3":"status-publish","4":"format-standard","5":"has-post-thumbnail","7":"category-rubriker","8":"tag-breaking-news","9":"tag-breakingnews","10":"tag-featured-news","11":"tag-featurednews","12":"tag-headlines","13":"tag-huvudnyheter","14":"tag-latest-news","15":"tag-latestnews","16":"tag-main-news","17":"tag-mainnews","18":"tag-news","19":"tag-nyheter","20":"tag-rubriker","21":"tag-se","22":"tag-svenska","23":"tag-sverige","24":"tag-sweden","25":"tag-swedish","26":"tag-top-stories","27":"tag-topstories"},"share_on_mastodon":{"url":"https:\/\/pubeurope.com\/@se\/115881927251657563","error":""},"_links":{"self":[{"href":"https:\/\/www.europesays.com\/se\/wp-json\/wp\/v2\/posts\/133193","targetHints":{"allow":["GET"]}}],"collection":[{"href":"https:\/\/www.europesays.com\/se\/wp-json\/wp\/v2\/posts"}],"about":[{"href":"https:\/\/www.europesays.com\/se\/wp-json\/wp\/v2\/types\/post"}],"author":[{"embeddable":true,"href":"https:\/\/www.europesays.com\/se\/wp-json\/wp\/v2\/users\/2"}],"replies":[{"embeddable":true,"href":"https:\/\/www.europesays.com\/se\/wp-json\/wp\/v2\/comments?post=133193"}],"version-history":[{"count":0,"href":"https:\/\/www.europesays.com\/se\/wp-json\/wp\/v2\/posts\/133193\/revisions"}],"wp:featuredmedia":[{"embeddable":true,"href":"https:\/\/www.europesays.com\/se\/wp-json\/wp\/v2\/media\/465"}],"wp:attachment":[{"href":"https:\/\/www.europesays.com\/se\/wp-json\/wp\/v2\/media?parent=133193"}],"wp:term":[{"taxonomy":"category","embeddable":true,"href":"https:\/\/www.europesays.com\/se\/wp-json\/wp\/v2\/categories?post=133193"},{"taxonomy":"post_tag","embeddable":true,"href":"https:\/\/www.europesays.com\/se\/wp-json\/wp\/v2\/tags?post=133193"}],"curies":[{"name":"wp","href":"https:\/\/api.w.org\/{rel}","templated":true}]}}