{"id":133198,"date":"2026-01-12T11:39:06","date_gmt":"2026-01-12T11:39:06","guid":{"rendered":"https:\/\/www.europesays.com\/se\/133198\/"},"modified":"2026-01-12T11:39:06","modified_gmt":"2026-01-12T11:39:06","slug":"de-ligger-bakom-ai-laten-som-just-nu-toppar-svenska-spotify-breakit","status":"publish","type":"post","link":"https:\/\/www.europesays.com\/se\/133198\/","title":{"rendered":"De ligger bakom AI-l\u00e5ten som just nu toppar svenska Spotify &#8211; Breakit"},"content":{"rendered":"<ol>\n<li><a href=\"https:\/\/news.google.com\/rss\/articles\/CBMinwFBVV95cUxNeC16Rkx4MHFCT3BuZHBIZDJIMExVbmxqNUt5TGZTSlNCdG96bEVMS0hXa2djS3JMcThTX3BwWGVxTFFEZ1BvSlkxMVdaNWtMLXJ0QnNrM3cwb3lHNGtYOXc5UUpORVE3c3VhRGMwM2hqcC1ZS2dlOFB1QlpiZkZiSEZqWlN1QkpWemZwVEl0NkV5ZVdlWG1qR3Z2NHFsbDA?oc=5\" target=\"_blank\" rel=\"nofollow noopener\">De ligger bakom AI-l\u00e5ten som just nu toppar svenska Spotify<\/a>&nbsp;&nbsp;Breakit<\/li>\n<li><a href=\"https:\/\/news.google.com\/rss\/articles\/CBMisAFBVV95cUxQNnppU3VtZHl4cWtqUTkxNW1PbjVuN01Oa19YVTVrdkdDTl9CR0NsajFfaVNkRDdWQ2s5NGZsVTVHa2xYTVU3RU5MNi1vRFBqUEdYejVyQno2cjVJMHpnNkRLRnE3aGFUYm91TXdQTzBfdGtBMnQwamphSEZ0SXdKVG5zOGhlenBsWkkwejI0WVdmbXRwSS1HUXd3d2l2T0N0ejNNSjdCZEpkZzNoU0JfSg?oc=5\" target=\"_blank\" rel=\"nofollow noopener\">Jacub \u201dJag vet, du \u00e4r inte min\u201d \u2013 h\u00e4r \u00e4r namnen bakom hitl\u00e5ten<\/a>&nbsp;&nbsp;Aftonbladet<\/li>\n<li><a href=\"https:\/\/news.google.com\/rss\/articles\/CBMifkFVX3lxTE9oLTRmWmhmVUUycF9LOVAzRGxkX1NEc0czanItaHZhS2M3NXdzOUxXOW9hOEQwXzBKQ2NDUkN5X1BibzJEVFpyZXM1cnlwYlFNRExSZmZ6b1pOc3o0bFNpbE1TbTNxbndrZklfOFRUVi1IYnY3dkFsalJ2dkVjQQ?oc=5\" target=\"_blank\" rel=\"nofollow noopener\">Jacub toppar Sverigelistan p\u00e5 Spotify \u2013 men finns inte \u2022 Svaret<\/a>&nbsp;&nbsp;Expressen<\/li>\n<li><a href=\"https:\/\/news.google.com\/rss\/articles\/CBMikAFBVV95cUxONE8yVHU5aU1CQ05ZSWlZNHNUcHZQTl9vbWZnVWtnVDktZ1REVU1JWlAxV2lyVEVkQWNCMmpteU1SNUFCaVhleUpxRTY3TlB5LXRJTTRpVnNTR2JUU2IzeTBybXR1cGt3VUQwenhEYlFwTXFLdHRSd2JBc1hTSjVlckw4Y1FHbjUxRHo2LW9pNHc?oc=5\" target=\"_blank\" rel=\"nofollow noopener\">Dalabandets AI-diss: \u201dVi kommer aldrig n\u00e5gonsin anv\u00e4nda det\u201d<\/a>&nbsp;&nbsp;Sveriges Radio<\/li>\n<li><a href=\"https:\/\/news.google.com\/rss\/articles\/CBMiuAFBVV95cUxQTUJPOVdjakl6OTF3WEpnVFhxbHpLMzRaTktmOWV4cmFpLUk3bGFpY3VzZmxscnlaNUlXNXpEWXlxdm5CSEgtUFlyZ19Nc1huZHlaQlMzcWotZmlaa3p5YWJISGJ2RGk0SWpnQ0xtaE1DaGlXS1pCLVFEVWV0SUJPemtZNmJWNFJWUG9nQ2cyMmpUamQtOEZXc1plVndNMTNvanFDZTdfVExFSDdFb2pMdmx0VlZFWUdf?oc=5\" target=\"_blank\" rel=\"nofollow noopener\">Jacub svarar om AI-l\u00e5ten som toppar svenska Spotifys topplistor: Vi \u00e4r ett kollektiv bakom<\/a>&nbsp;&nbsp;emanuelkarlsten.se<\/li>\n<\/ol>\n","protected":false},"excerpt":{"rendered":"De ligger bakom AI-l\u00e5ten som just nu toppar svenska Spotify&nbsp;&nbsp;Breakit Jacub \u201dJag vet, du \u00e4r inte min\u201d \u2013&hellip;\n","protected":false},"author":2,"featured_media":133199,"comment_status":"","ping_status":"","sticky":false,"template":"","format":"standard","meta":{"footnotes":""},"categories":[67],"tags":[87,104,88,91,90,92,34,89,86,31,33,32,30,85,105],"class_list":{"0":"post-133198","1":"post","2":"type-post","3":"status-publish","4":"format-standard","5":"has-post-thumbnail","7":"category-underhallning","8":"tag-digital","9":"tag-entertainment","10":"tag-entreprenor","11":"tag-king","12":"tag-klarna","13":"tag-riskkapital","14":"tag-se","15":"tag-spotify","16":"tag-startups","17":"tag-svenska","18":"tag-sverige","19":"tag-sweden","20":"tag-swedish","21":"tag-tech","22":"tag-underhallning"},"share_on_mastodon":{"url":"https:\/\/pubeurope.com\/@se\/115881938929594304","error":""},"_links":{"self":[{"href":"https:\/\/www.europesays.com\/se\/wp-json\/wp\/v2\/posts\/133198","targetHints":{"allow":["GET"]}}],"collection":[{"href":"https:\/\/www.europesays.com\/se\/wp-json\/wp\/v2\/posts"}],"about":[{"href":"https:\/\/www.europesays.com\/se\/wp-json\/wp\/v2\/types\/post"}],"author":[{"embeddable":true,"href":"https:\/\/www.europesays.com\/se\/wp-json\/wp\/v2\/users\/2"}],"replies":[{"embeddable":true,"href":"https:\/\/www.europesays.com\/se\/wp-json\/wp\/v2\/comments?post=133198"}],"version-history":[{"count":0,"href":"https:\/\/www.europesays.com\/se\/wp-json\/wp\/v2\/posts\/133198\/revisions"}],"wp:featuredmedia":[{"embeddable":true,"href":"https:\/\/www.europesays.com\/se\/wp-json\/wp\/v2\/media\/133199"}],"wp:attachment":[{"href":"https:\/\/www.europesays.com\/se\/wp-json\/wp\/v2\/media?parent=133198"}],"wp:term":[{"taxonomy":"category","embeddable":true,"href":"https:\/\/www.europesays.com\/se\/wp-json\/wp\/v2\/categories?post=133198"},{"taxonomy":"post_tag","embeddable":true,"href":"https:\/\/www.europesays.com\/se\/wp-json\/wp\/v2\/tags?post=133198"}],"curies":[{"name":"wp","href":"https:\/\/api.w.org\/{rel}","templated":true}]}}