{"id":133203,"date":"2026-01-12T11:44:21","date_gmt":"2026-01-12T11:44:21","guid":{"rendered":"https:\/\/www.europesays.com\/se\/133203\/"},"modified":"2026-01-12T11:44:21","modified_gmt":"2026-01-12T11:44:21","slug":"har-ar-stjarnorna-som-fick-bast-och-samst-getingbetyg-2","status":"publish","type":"post","link":"https:\/\/www.europesays.com\/se\/133203\/","title":{"rendered":"H\u00e4r \u00e4r stj\u00e4rnorna som fick b\u00e4st och s\u00e4mst getingbetyg."},"content":{"rendered":"<p><img   alt=\"\"\/><\/p>\n<p>G\u00e4ster p\u00e5 Golden Globe 2026<\/p>\n<p>Foto: TT<\/p>\n<p>\u00d6ppna bild i helsk\u00e4rm<\/p>\n<p>Galas\u00e4songen har officiellt inletts. <a href=\"https:\/\/www.expressen.se\/tagg\/organization\/golden-globe\/\" class=\"\" rel=\"nofollow noopener\" target=\"_blank\">Golden Globe<\/a> 2026 bj\u00f6d p\u00e5 \u00e5rets f\u00f6rsta riktigt stj\u00e4rnsp\u00e4ckade r\u00f6da matta fr\u00e5n Beverly Hills Hotel i Los Angeles. Vilka lyckades b\u00e4st? Vem lyckades inte riktigt lika bra?<\/p>\n<p>Damernas V\u00e4rlds chefredakt\u00f6r<strong> Jonna Bergh<\/strong> s\u00e4tter getingbetyg p\u00e5 g\u00e4sterna p\u00e5 r\u00f6da mattan.\u00a0<\/p>\n<p>Stellan Skarsg\u00e5rd och Megan Everett-Skarsg\u00e5rd\u00a0<img loading=\"lazy\"   alt=\"\"\/><\/p>\n<p>Stellan Skarsg\u00e5rd och Megan Everett-Skarsg\u00e5rd.<\/p>\n<p>Foto: JORDAN STRAUSS \/ AP TT NYHETSBYR\u00c5N<\/p>\n<p>\u00d6ppna bild i helsk\u00e4rm<\/p>\n<p>Vilket v\u00e4lmatchat par i minimalismens anda. Stellans elegant uppkn\u00e4ppta look osar sj\u00e4lvf\u00f6rtroende och ger honom en personlig look. Det \u00e4r inte l\u00e4tt f\u00f6r herrar p\u00e5 r\u00f6da mattan att f\u00e5 fram ett eget uttryck vid h\u00f6gtidskl\u00e4dsel, men Stellan kan man lita p\u00e5. Fru Megans eleganta look och strama frisyr \u00e4r ocks\u00e5 v\u00e4rda att hyllas.\u00a0<\/p>\n<p>Jennifer Lopez<img loading=\"lazy\"   alt=\"\"\/><\/p>\n<p>Jennifer Lopez<\/p>\n<p>Foto: DAVID FISHER\/SHUTTERSTOCK EDITORIAL\/IBL<\/p>\n<p>\u00d6ppna bild i helsk\u00e4rm<\/p>\n<p>J\u00f6sses. Existerar ens s\u00e5dana h\u00e4r kl\u00e4nningar 2026? Sj\u00f6jungfrumodellen \u00e4r sv\u00e5r att lyckas med generellt \u2013 och l\u00e4gg d\u00e5 till ett pr\u00e5ligt m\u00f6nster i brunt, tr\u00f6tt chiffong, ej v\u00e4lsittande transparent tyg och s\u00e5 glittrande stenar p\u00e5 det. \u00d6gonen sm\u00e4rtar!<\/p>\n<p>Teyana Taylor<img loading=\"lazy\"   alt=\"\"\/><\/p>\n<p>Teyana Taylor.<\/p>\n<p>Foto: DAVID FISHER\/SHUTTERSTOCK EDITORIAL\/IBL<\/p>\n<p>\u00d6ppna bild i helsk\u00e4rm<\/p>\n<p>Teyana Taylor \u2026\u00a0Vilken stj\u00e4rna. Att hon kan b\u00e4ra upp de sv\u00e5raste kl\u00e4nningarna visar hon h\u00e4r \u2013 den h\u00e4r Schiaparelli-skapelsen \u00e4r inte l\u00e4ttburen. Snyggt hur kl\u00e4nningen visar hennes tatueringar b\u00e5de p\u00e5 br\u00f6stet och ryggen, sjaldetaljen \u00e4r elegant och bak f\u00e5r vi tv\u00e5 trenddetaljer p\u00e5 samma g\u00e5ng: rosett och glipa vid rumpan. \u00a0<\/p>\n<p><img loading=\"lazy\"   alt=\"\"\/><\/p>\n<p>Teyana Taylor<\/p>\n<p>Foto: RICHARD SHOTWELL \/ AP TT NYHETSBYR\u00c5N<\/p>\n<p>\u00d6ppna bild i helsk\u00e4rmSelena Gomez<img loading=\"lazy\"   alt=\"\"\/><\/p>\n<p>Selena Gomez<\/p>\n<p>Foto: DAVID FISHER\/SHUTTERSTOCK EDITORIAL\/IBL<\/p>\n<p>\u00d6ppna bild i helsk\u00e4rm<\/p>\n<p>H\u00e5ret, l\u00e4ppstiftet och kl\u00e4nningen \u2026\u00a0V\u00e4lmatchat och perfekt. Kanske lite f\u00f6r perfekt, looken \u00e4r fin men skapar varken habeg\u00e4r eller best\u00e5ende minnen.\u00a0<\/p>\n<p>Charli XCX<img loading=\"lazy\"   alt=\"\"\/><\/p>\n<p>Charli XCX.<\/p>\n<p>Foto: MATT BARON\/BEI\/SHUTTERSTOCK EDITORIAL\/IBL<\/p>\n<p>\u00d6ppna bild i helsk\u00e4rm<\/p>\n<p>N\u00e4r jag s\u00e5g Charli p\u00e5 g\u00e4stlistan blev jag minst sagt f\u00f6rv\u00e4ntansfull. Hur skulle hon fixa en Golden Globe-look? Hennes estetik ligger l\u00e5ngt ifr\u00e5n glamouren vi brukar se h\u00e4r. Jag m\u00e5ste s\u00e4ga att jag \u00e4r djupt imponerad \u00f6ver hur v\u00e4l hennes Saint Laurent-kl\u00e4nning matchar s\u00e5v\u00e4l evenemanget som Charlis egen stil. Varg upptill, prinsessa nedtill. Spot on.\u00a0<\/p>\n<p>Miley Cyrus<img loading=\"lazy\"   alt=\"\"\/><\/p>\n<p>Miley Cyrus.<\/p>\n<p>Foto: ALLENDE\/BROADIMAGE\/SHUTTERSTOCK EDITORIAL\/IBL<\/p>\n<p>\u00d6ppna bild i helsk\u00e4rm<\/p>\n<p>Solglas\u00f6gon p\u00e5 r\u00f6da mattan kr\u00e4ver sin kvinna. Och Miley \u00e4r den kvinnan \u2013\u00a0givetvis. Kl\u00e4nningen \u00e4r fr\u00e5n Saint Laurent och \u00e4r en riktig 80-talare i modern tappning, hon \u00e4r som tagen ur en Jackie Collins-roman. <strong>Jackie Collins <\/strong>romanfigurer \u00e4r m\u00f6jligen inte k\u00e4nda f\u00f6r sin elegans, men de \u00e4r aldrig tr\u00e5kiga \u2013\u00a0och alltid sexiga.\u00a0<\/p>\n<p>Julia Roberts<img loading=\"lazy\"   alt=\"\"\/><\/p>\n<p>Julia Roberts.<\/p>\n<p>Foto: DAVID FISHER\/SHUTTERSTOCK EDITORIAL\/IBL<\/p>\n<p>\u00d6ppna bild i helsk\u00e4rm<\/p>\n<p>Svart, klassiskt och \u2026\u00a0Fruktansv\u00e4rt tr\u00e5kigt. \u00a0<\/p>\n<p>Jenna Ortega<img loading=\"lazy\"   alt=\"\"\/><\/p>\n<p>Jenna Ortega.<\/p>\n<p>Foto: MATT BARON\/BEI\/SHUTTERSTOCK EDITORIAL\/IBL<\/p>\n<p>\u00d6ppna bild i helsk\u00e4rm<\/p>\n<p>Kl\u00e4nningen \u00e4r skapad av heta designern <strong>Dilara Findikoglu<\/strong> och dess gotiska stil \u00e4r ju som klippt och skuren p\u00e5 \u201dWednesday\u201d-aktrisen. Bra exempel p\u00e5 en look d\u00e4r m\u00e4nniskan g\u00f6r kl\u00e4nningen \u2013\u00a0p\u00e5 n\u00e5gon annan skulle den troligtvis f\u00e5 ett l\u00e4gre betyg. \u00a0\u00a0<\/p>\n<p>Renate Reinsve<img loading=\"lazy\"   alt=\"\"\/><\/p>\n<p>Renate Reinsve<\/p>\n<p>Foto: JORDAN STRAUSS \/ AP TT NYHETSBYR\u00c5N<\/p>\n<p>\u00d6ppna bild i helsk\u00e4rm<\/p>\n<p>Ja vi elsker denne kjolen! Norska superstj\u00e4rnan vinner priset f\u00f6r b\u00e4sta r\u00f6da mattan-look. Hennes str\u00e5lande Louis Vuitton-kl\u00e4nning \u00e4r effektiv och genialisk \u2013\u00a0f\u00f6rh\u00e5llandevis enkel i sin design, men med effektfull detalj i det \u00f6verdrivet b\u00e5gformande livet. Och s\u00e5 materialet som g\u00f6r att kl\u00e4nningen verkligen sticker ut h\u00e4r i kv\u00e4ll.\u00a0<\/p>\n<p>Jeremy Allen White<img loading=\"lazy\"   alt=\"\"\/><\/p>\n<p>Jeremy Allen White.<\/p>\n<p>Foto: MATT BARON\/BEI\/SHUTTERSTOCK EDITORIAL\/IBL<\/p>\n<p>\u00d6ppna bild i helsk\u00e4rm<\/p>\n<p>M\u00e5nga m\u00e4n h\u00e4r i kv\u00e4ll anv\u00e4nder broscher f\u00f6r att g\u00f6ra sina smokinglooker personliga \u2013 stils\u00e4kra Jeremy Allen White g\u00e5r d\u00e5 f\u00f6rst\u00e5s \u00e5t ett annat h\u00e5ll och b\u00e4r en noga utvald blomma p\u00e5 slaget i st\u00e4llet, fint matchat med en tunn fluga.<\/p>\n<p>Kate Hudson<img loading=\"lazy\"   alt=\"\"\/><\/p>\n<p>Kate Hudson<\/p>\n<p>Foto: DAVID FISHER\/SHUTTERSTOCK EDITORIAL\/IBL<\/p>\n<p>\u00d6ppna bild i helsk\u00e4rm<\/p>\n<p>Den omoderna versionen av Renate Reinsves femgetings-look.\u00a0<\/p>\n<p>Amal och George Clooney<img loading=\"lazy\"   alt=\"\"\/><\/p>\n<p>Amal och George Clooney<\/p>\n<p>Foto: ALLENDE\/BROADIMAGE\/SHUTTERSTOCK EDITORIAL\/IBL<\/p>\n<p>\u00d6ppna bild i helsk\u00e4rm<\/p>\n<p>Denna stj\u00e4rnduo borde v\u00e4l kunna anstr\u00e4nga sig lite mer \u00e4n att \u201dbara\u201d v\u00e4lja det mest klassiska som g\u00e5r att t\u00e4nka ut? H\u00e4r bjuds det inte p\u00e5 n\u00e5got extra, bara en h\u00f6gst ordin\u00e4r galakl\u00e4nning och en smoking helt utan personliga detaljer \u2026\u00a0Vi vill ha mer!<\/p>\n<p>Priyanka Chopra<img loading=\"lazy\"   alt=\"\"\/><\/p>\n<p>Priyanka Chopra.<\/p>\n<p>Foto: ALLENDE\/BROADIMAGE\/SHUTTERSTOCK EDITORIAL\/IBL<\/p>\n<p>\u00d6ppna bild i helsk\u00e4rm<\/p>\n<p>Hade Priyanka skippat det tajta, glansiga livet och l\u00e5tit kl\u00e4nningen h\u00e4nga fritt \u00e4nda ner till kn\u00e4h\u00f6jdens intag hade det blivit h\u00f6ga betyg. Den typen av silhuetter ser vi mycket av i det kommande v\u00e5rmodet. Nu blev det en halvmesyr som precis passerar betyget \u201dgodk\u00e4nt\u201d.\u00a0<\/p>\n<p>Snoop Dog<img loading=\"lazy\"   alt=\"\"\/><\/p>\n<p>Snoop Dogg.<\/p>\n<p>Foto: JORDAN STRAUSS \/ AP TT NYHETSBYR\u00c5N<\/p>\n<p>\u00d6ppna bild i helsk\u00e4rm<\/p>\n<p>Drop it like it&#8217;s hot! H\u00e4r finns det m\u00e5nga saker att gotta sig \u00e5t: glans, r\u00f6da rev\u00e4rer, guldknappar, osvikligt sj\u00e4lvf\u00f6rtroende, bra smycken, en stadig dubbelkn\u00e4ppning och solglas\u00f6gon (ja, det \u00e4r hett).\u00a0<\/p>\n<p>Zoe Kravitz<img loading=\"lazy\"   alt=\"\"\/><\/p>\n<p>Zoe Kravitz.<\/p>\n<p>Foto: DAVID FISHER\/SHUTTERSTOCK EDITORIAL\/IBL<\/p>\n<p>\u00d6ppna bild i helsk\u00e4rm<\/p>\n<p>Tyv\u00e4rr Zoe och Saint Laurent, det \u00e4r inte intressant att se ut som du bara reste dig ur s\u00e4ngen, struntade i att byta om och kom till galan i ett gammalt nattlinne.\u00a0<\/p>\n<p>Ariana Grande<img loading=\"lazy\"   alt=\"\"\/><\/p>\n<p>Ariana Grande.<\/p>\n<p>Foto: JORDAN STRAUSS \/ AP TT NYHETSBYR\u00c5N<\/p>\n<p>\u00d6ppna bild i helsk\u00e4rm<\/p>\n<p>Jag erk\u00e4nner, jag kan i bland tvivla p\u00e5 Ariana Grandes (eller snarare hennes stylists) smak. Men det g\u00e4ller inte i kv\u00e4ll. Denna otroligt fina Vivienne Westwood-kl\u00e4nning lyckas att f\u00e5 det gamla konceptet med tajt liv plus mar\u00e4ngkjol att k\u00e4nnas modernt och fr\u00e4scht.\u00a0<\/p>\n<p>Emma Stone<img loading=\"lazy\"   alt=\"\"\/><\/p>\n<p>Emma Stone.<\/p>\n<p>Foto: RICHARD SHOTWELL \/ AP \/ TT NYHETSBYR\u00c5N<\/p>\n<p>\u00d6ppna bild i helsk\u00e4rm<\/p>\n<p>Klassisk 90-talslook fr\u00e5n Louis Vuitton: Pelarkjol, \u00e4rml\u00f6st och bar mage. Stylish n\u00e4stan \u00f6verallt, men inte p\u00e5 en Golden Globe-matta.\u00a0<\/p>\n<p>Ayo Edebiri<img loading=\"lazy\"   alt=\"\"\/><\/p>\n<p>Ayo Edebiri.<\/p>\n<p>Foto: JOHN SALANGSANG\/ SHUTTERSTOCK EDITORIAL\/IBL<\/p>\n<p>\u00d6ppna bild i helsk\u00e4rm<\/p>\n<p>Ayo \u00e4r en r\u00f6da mattan-favorit som alltid lyckas. I dag v\u00e4ljer hon en damigare look \u00e4n vanligt, men den kl\u00e4r henne och ger oss \u00e4nnu ett nytt uttryck fr\u00e5n denna stj\u00e4rna.\u00a0<\/p>\n<p>Jennifer Lawrence<img loading=\"lazy\"   alt=\"\"\/><\/p>\n<p>Jennifer Lawrence.<\/p>\n<p>Foto: ALLENDE\/BROADIMAGE\/SHUTTERSTOCK EDITORIAL\/IBL<\/p>\n<p>\u00d6ppna bild i helsk\u00e4rm<\/p>\n<p>Har hon g\u00f6mt sig p\u00e5 toaletten sedan Golden Globe 2024? De transparenta nakenkl\u00e4nningarnas tid \u00e4r f\u00f6rbi. \u00a0<\/p>\n<p>Aimee Lou Wood<img loading=\"lazy\"   alt=\"\"\/><\/p>\n<p>Aimee Lou Wood.<\/p>\n<p>Foto: MATT BARON\/BEI\/SHUTTERSTOCK EDITORIAL\/IBL<\/p>\n<p>\u00d6ppna bild i helsk\u00e4rm<\/p>\n<p>N\u00e4, det h\u00e4r blev inte bra. S\u00e5 tr\u00e5kigt, d\u00e5 Aimee har s\u00e5 mycket personlighet och karakt\u00e4r \u2013 kl\u00e4nningen lyfter inte fram henne p\u00e5 n\u00e5got s\u00e4tt. Tv\u00e4rtom, den kv\u00e4ver henne. Det finns absolut ingenting varken intressant eller kul med den h\u00e4r sorgliga skapelsen.<\/p>\n<p>Elle Fanning<img loading=\"lazy\"   alt=\"\"\/><\/p>\n<p>Elle Fanning.<\/p>\n<p>Foto: RICHARD SHOTWELL \/ AP TT NYHETSBYR\u00c5N<\/p>\n<p>\u00d6ppna bild i helsk\u00e4rm<\/p>\n<p>En klassisk kl\u00e4nningsmodell som f\u00e5r nytt liv av ett piggt tyg. Och se s\u00e5 bra smycket matchar looken.\u00a0<\/p>\n<p>Timoth\u00e9e Chalamet<img loading=\"lazy\"   alt=\"\"\/><\/p>\n<p>Timoth\u00e9e Chalamet.<\/p>\n<p>Foto: DAVID FISHER\/SHUTTERSTOCK \/IBL<\/p>\n<p>\u00d6ppna bild i helsk\u00e4rm<\/p>\n<p>L\u00e5t oss vara \u00e4rliga: Varje r\u00f6d matta d\u00e4r Timoth\u00e9e inte har <strong>Kylie Jenner <\/strong>vid sin sida \u00e4r lite av en besvikelse. Hans Chrome Heart-outift passar honom, men den f\u00e5r oss inte att hjula av pepp.\u00a0<\/p>\n<p>Damson Idris<img loading=\"lazy\"   alt=\"\"\/><\/p>\n<p>Damson Idris.<\/p>\n<p>Foto: RICHARD SHOTWELL \/ AP TT NYHETSBYR\u00c5N<\/p>\n<p>\u00d6ppna bild i helsk\u00e4rm<\/p>\n<p>Lyckad smokinglook med en kortare, oversizad smokingjacka med h\u00e4rligt maxade slag och v\u00e4st. Kul n\u00e4r man anv\u00e4nder proportioner f\u00f6r att g\u00f6ra en look mer i\u00f6gonfallande.\u00a0<\/p>\n<p>Tessa Thompson<img loading=\"lazy\"   alt=\"\"\/><\/p>\n<p>Tessa Thomson.<\/p>\n<p>Foto: JOHN SALANGSANG\/SHUTTERSTOCK EDITORIAL\/IBL<\/p>\n<p>\u00d6ppna bild i helsk\u00e4rm<\/p>\n<p>Elegant pelarkl\u00e4nning med sl\u00e4p som sticker ut tack vare f\u00e4rgvalet \u2013 en vacker gr\u00f6n. Det syns l\u00e5ng v\u00e4g att Thompson k\u00e4nner sig v\u00e4ldigt het i den h\u00e4r Balenciaga-kl\u00e4nningen. Vilket hon ocks\u00e5 \u00e4r.\u00a0<\/p>\n<p>Rose Byrne<img loading=\"lazy\"   alt=\"\"\/><\/p>\n<p>Rose Byrne.<\/p>\n<p>Foto: DAVID FISHER\/SHUTTERSTOCK \/ EDITORIAL\/IBL<\/p>\n<p>\u00d6ppna bild i helsk\u00e4rm<\/p>\n<p>Mer gr\u00f6nt, men inte lika lyckat. Sk\u00e4rpet och glittret p\u00e5 livet ger ett n\u00e5got daterat intryck, men f\u00e4rgen \u00e4r \u00e4nd\u00e5 lite kul. Passerar precis godk\u00e4nd-betyget denna kv\u00e4ll.<\/p>\n<p>Colman Domingo \u00a0<img loading=\"lazy\"   alt=\"\"\/><\/p>\n<p>Colman Domingo.<\/p>\n<p>Foto: JORDAN STRAUSS \/ AP TT NYHETSBYR\u00c5N<\/p>\n<p>\u00d6ppna bild i helsk\u00e4rm<\/p>\n<p>Denne man \u00e4r ju totalt outstanding p\u00e5 att f\u00e5 till sina r\u00f6da mattan-looker, och s\u00e5 ocks\u00e5 denna kv\u00e4ll. M\u00e5nga m\u00e4n satsar p\u00e5 broscher denna afton, men Domingo utklassar dem alla. Vi bugar oss!<\/p>\n<p>Chase Infiniti<img loading=\"lazy\"   alt=\"\"\/><\/p>\n<p>Chase Infiniti.<\/p>\n<p>Foto: JOHN SALANGSANG\/SHUTTERSTOCK EDITORIAL\/IBL<\/p>\n<p>\u00d6ppna bild i helsk\u00e4rm<\/p>\n<p>Underbart att fler yrkesgrupper \u00e4n skr\u00e4ddare f\u00e5r visa vad de g\u00e5r f\u00f6r \u2013 h\u00e4r ser det ut som att \u00e4ven en pl\u00e5tslagare varit inblandad. Och med den \u00e4ran. En riktigt minnesv\u00e4rd look fr\u00e5n Louis Vuitton som \u00e4ven utmanar v\u00e5r uppfattning om hur en kl\u00e4nning kan se ut och vad den kan vara skapad av. \u00a0<\/p>\n<p>Emily Blunt<img loading=\"lazy\"   alt=\"\"\/><\/p>\n<p>Emily Blunt.<\/p>\n<p>Foto: DAVID FISHER\/SHUTTERSTOCK EDITORIAL\/IBL<\/p>\n<p>\u00d6ppna bild i helsk\u00e4rm<\/p>\n<p>Jag \u00e5terkommer till det roliga i att se design som g\u00e5r ifr\u00e5n det mest klassiska \u2013\u00a0det h\u00e4r \u00e4r ytterligare ett exempel. Vem hade kunnat tro att en halv cape skulle kunna vara en bra r\u00f6da mattan-id\u00e9? Nu vet vi att s\u00e5 \u00e4r fallet.\u00a0<\/p>\n<p>Pamela Anderson<img loading=\"lazy\"   alt=\"\"\/><\/p>\n<p>Pamela Anderson.<\/p>\n<p>Foto: JOHN SALANGSANG\/SHUTTERSTOCK EDITORIAL\/IBL<\/p>\n<p>\u00d6ppna bild i helsk\u00e4rm<\/p>\n<p>Hur mycket vi \u00e4n tilltalas av Pamela Andersons nya, avslappnade approach till mode s\u00e5 var det h\u00e4r lite \u00e5t det f\u00f6r avslappnade h\u00e5llet just i kv\u00e4ll. Visst, det \u00e4r snyggt med vita skjortor till lyxig kjol, men hade f\u00f6redragit en mer elegant variant.<\/p>\n<p>Walton Goggins<img loading=\"lazy\"   alt=\"\"\/><\/p>\n<p>Walton Goggins.<\/p>\n<p>Foto: MATT BARON\/BEISHUTTERSTOCK EDITORIAL\/IBL<\/p>\n<p>\u00d6ppna bild i helsk\u00e4rm<\/p>\n<p>Guld \u00e4r s\u00e4llan en d\u00e5lig id\u00e9 p\u00e5 gala! Och att guldskjorta och backslick ger bra betyg \u00e4r en universell stilregel.\u00a0<\/p>\n<p>Leighton Meester<img loading=\"lazy\"   alt=\"\"\/><\/p>\n<p>Leighton Meester<\/p>\n<p>Foto: MATT BARON\/BEI\/SHUTTERSTOCK EDITORIAL\/IBL<\/p>\n<p>\u00d6ppna bild i helsk\u00e4rm<\/p>\n<p>Blekt rosa, silver och starkt gult \u00e4r en f\u00e4rgkombination som alltid \u2013\u00a0alltid \u2013\u00a0\u00e4r otrolig, men detta \u00e4r nog den f\u00f6rsta g\u00e5ngen jag sett den ta sig ut p\u00e5 en galakl\u00e4nning. En av de mest lyckade lookerna p\u00e5 denna gala, signerad Miu Miu.\u00a0<\/p>\n","protected":false},"excerpt":{"rendered":"G\u00e4ster p\u00e5 Golden Globe 2026 Foto: TT \u00d6ppna bild i helsk\u00e4rm Galas\u00e4songen har officiellt inletts. Golden Globe 2026&hellip;\n","protected":false},"author":2,"featured_media":132882,"comment_status":"","ping_status":"","sticky":false,"template":"","format":"standard","meta":{"footnotes":""},"categories":[5],"tags":[22,23,26,27,17,21,24,25,28,29,15,16,13530,18,34,31,33,32,30,19,20],"class_list":{"0":"post-133203","1":"post","2":"type-post","3":"status-publish","4":"format-standard","5":"has-post-thumbnail","7":"category-rubriker","8":"tag-breaking-news","9":"tag-breakingnews","10":"tag-featured-news","11":"tag-featurednews","12":"tag-headlines","13":"tag-huvudnyheter","14":"tag-latest-news","15":"tag-latestnews","16":"tag-main-news","17":"tag-mainnews","18":"tag-news","19":"tag-nyheter","20":"tag-organization-golden-globe","21":"tag-rubriker","22":"tag-se","23":"tag-svenska","24":"tag-sverige","25":"tag-sweden","26":"tag-swedish","27":"tag-top-stories","28":"tag-topstories"},"share_on_mastodon":{"url":"https:\/\/pubeurope.com\/@se\/115881958688502946","error":""},"_links":{"self":[{"href":"https:\/\/www.europesays.com\/se\/wp-json\/wp\/v2\/posts\/133203","targetHints":{"allow":["GET"]}}],"collection":[{"href":"https:\/\/www.europesays.com\/se\/wp-json\/wp\/v2\/posts"}],"about":[{"href":"https:\/\/www.europesays.com\/se\/wp-json\/wp\/v2\/types\/post"}],"author":[{"embeddable":true,"href":"https:\/\/www.europesays.com\/se\/wp-json\/wp\/v2\/users\/2"}],"replies":[{"embeddable":true,"href":"https:\/\/www.europesays.com\/se\/wp-json\/wp\/v2\/comments?post=133203"}],"version-history":[{"count":0,"href":"https:\/\/www.europesays.com\/se\/wp-json\/wp\/v2\/posts\/133203\/revisions"}],"wp:featuredmedia":[{"embeddable":true,"href":"https:\/\/www.europesays.com\/se\/wp-json\/wp\/v2\/media\/132882"}],"wp:attachment":[{"href":"https:\/\/www.europesays.com\/se\/wp-json\/wp\/v2\/media?parent=133203"}],"wp:term":[{"taxonomy":"category","embeddable":true,"href":"https:\/\/www.europesays.com\/se\/wp-json\/wp\/v2\/categories?post=133203"},{"taxonomy":"post_tag","embeddable":true,"href":"https:\/\/www.europesays.com\/se\/wp-json\/wp\/v2\/tags?post=133203"}],"curies":[{"name":"wp","href":"https:\/\/api.w.org\/{rel}","templated":true}]}}